{"id":60152,"date":"2019-09-17T10:15:32","date_gmt":"2019-09-17T13:15:32","guid":{"rendered":"https:\/\/eldiariodesanpedro.com.ar\/sitio\/?p=60152"},"modified":"2019-09-17T19:19:35","modified_gmt":"2019-09-17T22:19:35","slug":"se-recupero-bajo-robado-que-era-ofrecido-para-su-venta-en-facebook","status":"publish","type":"post","link":"https:\/\/eldiariodesanpedro.com.ar\/sitio\/se-recupero-bajo-robado-que-era-ofrecido-para-su-venta-en-facebook\/","title":{"rendered":"Se recupero bajo robado que era ofrecido para su venta en facebook"},"content":{"rendered":"<!-- VideographyWP Plugin Message: Automatic video embedding prevented by plugin options. -->\n\n<p>Tras r\u00e1pido accionar policial el instrumento fue recuperado luego de ser identificado por el mismo  propietario en la red social facebook. El mismo hab\u00eda sido sustra\u00eddo luego de un show musical en el mes de febrero.<\/p>\n\n\n\n<p>Por la tarde del lunes, personal policial procede a la identificaci\u00f3n de un instrumento musical, bajo, datos mismos aportados por la victima quien manifiesta haberlo reconocido por fotos donde se estaba ofreciendo su venta al publico en una red social.<\/p>\n\n\n\n<p>La victima, un masculino de 32 a\u00f1os de edad, cuenta haber dialogado con quien publicaba su instrumento y  confirmado marca y dem\u00e1s datos.<\/p>\n\n\n\n<p>EL instrumento fue llevado a esa direcci\u00f3n para ser calibrado por el morador, por otro joven que tampoco ser\u00eda quien lo sustrajo.<\/p>\n\n\n\n<p>En ese momento tras consultar con magistrado,  se procede a recuperar el elemento encontr\u00e1ndose en un domicilio de calle Basavilbaso, donde efectivamente se comprueba siendo propiedad del denunciante.<\/p>\n\n\n\n<p>Luego en la dependencia local el instrumento fue entregado a la victima y con respecto al tenedor, quien entrego el elemento en buena fe, fue identificado interviniendo la fiscalia local.<\/p>\n\n\n\n<p>El instrumento hab\u00eda sido sustra\u00eddo sin violencia en el mes de Febrero del corriente a\u00f1o del predio Club Agricultores, Gdor. Castro durante un show musical.<\/p>\n","protected":false},"excerpt":{"rendered":"<p>Tras r\u00e1pido accionar policial el instrumento fue recuperado luego de ser identificado por el mismo propietario en la red social facebook. El mismo hab\u00eda sido sustra\u00eddo luego de un show musical en el mes de febrero. Por la tarde del lunes, personal policial procede a la identificaci\u00f3n de un instrumento musical, bajo, datos mismos aportados [&hellip;]<\/p>\n","protected":false},"author":4,"featured_media":60157,"comment_status":"open","ping_status":"closed","sticky":false,"template":"","format":"standard","meta":{"om_disable_all_campaigns":false,"_jetpack_memberships_contains_paid_content":false,"footnotes":""},"categories":[2,103],"tags":[],"class_list":["post-60152","post","type-post","status-publish","format-standard","has-post-thumbnail","hentry","category-locales","category-policiales-locales"],"aioseo_notices":[],"gutentor_comment":0,"jetpack_featured_media_url":"https:\/\/eldiariodesanpedro.com.ar\/sitio\/wp-content\/uploads\/2019\/09\/WhatsApp-Image-2019-09-17-at-9.48.05-AM.jpeg","jetpack_shortlink":"https:\/\/wp.me\/p6RhLt-fEc","jetpack_sharing_enabled":true,"_links":{"self":[{"href":"https:\/\/eldiariodesanpedro.com.ar\/sitio\/wp-json\/wp\/v2\/posts\/60152","targetHints":{"allow":["GET"]}}],"collection":[{"href":"https:\/\/eldiariodesanpedro.com.ar\/sitio\/wp-json\/wp\/v2\/posts"}],"about":[{"href":"https:\/\/eldiariodesanpedro.com.ar\/sitio\/wp-json\/wp\/v2\/types\/post"}],"author":[{"embeddable":true,"href":"https:\/\/eldiariodesanpedro.com.ar\/sitio\/wp-json\/wp\/v2\/users\/4"}],"replies":[{"embeddable":true,"href":"https:\/\/eldiariodesanpedro.com.ar\/sitio\/wp-json\/wp\/v2\/comments?post=60152"}],"version-history":[{"count":4,"href":"https:\/\/eldiariodesanpedro.com.ar\/sitio\/wp-json\/wp\/v2\/posts\/60152\/revisions"}],"predecessor-version":[{"id":60219,"href":"https:\/\/eldiariodesanpedro.com.ar\/sitio\/wp-json\/wp\/v2\/posts\/60152\/revisions\/60219"}],"wp:featuredmedia":[{"embeddable":true,"href":"https:\/\/eldiariodesanpedro.com.ar\/sitio\/wp-json\/wp\/v2\/media\/60157"}],"wp:attachment":[{"href":"https:\/\/eldiariodesanpedro.com.ar\/sitio\/wp-json\/wp\/v2\/media?parent=60152"}],"wp:term":[{"taxonomy":"category","embeddable":true,"href":"https:\/\/eldiariodesanpedro.com.ar\/sitio\/wp-json\/wp\/v2\/categories?post=60152"},{"taxonomy":"post_tag","embeddable":true,"href":"https:\/\/eldiariodesanpedro.com.ar\/sitio\/wp-json\/wp\/v2\/tags?post=60152"}],"curies":[{"name":"wp","href":"https:\/\/api.w.org\/{rel}","templated":true}]}}