{"id":60148,"date":"2019-09-17T09:47:26","date_gmt":"2019-09-17T12:47:26","guid":{"rendered":"https:\/\/eldiariodesanpedro.com.ar\/sitio\/?p=60148"},"modified":"2019-09-17T09:50:20","modified_gmt":"2019-09-17T12:50:20","slug":"un-delincuente-aprehendido-por-robar-una-moto","status":"publish","type":"post","link":"https:\/\/eldiariodesanpedro.com.ar\/sitio\/un-delincuente-aprehendido-por-robar-una-moto\/","title":{"rendered":"Un delincuente aprehendido por robar una moto"},"content":{"rendered":"<!-- VideographyWP Plugin Message: Automatic video embedding prevented by plugin options. -->\n\n<p>El rodado fue recuperado tras r\u00e1pido accionar policial. El delincuente fue aprehendido en fuga, tiene 26 a\u00f1os de edad y frondosos antecedentes, permanece alojado en la comisaria a la espera de la intervenci\u00f3n de la fiscalia en turno.<\/p>\n\n\n\n<p>El hecho se produjo por la noche del lunes, el malviviente sustrae una motocicleta X3M de color roja y blanca, violentando el manubrio cuando se encontraba estacionada en la vereda de calle Bozzano al 500.<\/p>\n\n\n\n<p>El sujeto emprende fuga con el rodado a tiro, a las pocas cuadras lo deja abandonado y sigue solo al verse acorralado por los efectivos.<\/p>\n\n\n\n<p>El personal policial tras r\u00e1pido accionar logra reducir al mismo en intersecci\u00f3n de las calles Laguna y Brennan, y se logra recuperar el veh\u00edculo abandonado unos metros atr\u00e1s.<\/p>\n\n\n\n<p>Trasladado a la dependencia policial se aguarda la intervenci\u00f3n de la fiscalia N\u00ba11.<\/p>\n\n\n\n<p>La moto fue entregada a su propietario un joven de 26, quien radico su denuncia.<\/p>\n\n\n\n<figure class=\"wp-block-image\"><img decoding=\"async\" width=\"1280\" height=\"960\" data-attachment-id=\"60150\" data-permalink=\"https:\/\/eldiariodesanpedro.com.ar\/sitio\/un-delincuente-aprehendido-por-robar-una-moto\/whatsapp-image-2019-09-17-at-9-48-46-am\/\" data-orig-file=\"https:\/\/eldiariodesanpedro.com.ar\/sitio\/wp-content\/uploads\/2019\/09\/WhatsApp-Image-2019-09-17-at-9.48.46-AM.jpeg\" data-orig-size=\"1280,960\" data-comments-opened=\"1\" data-image-meta=\"{&quot;aperture&quot;:&quot;0&quot;,&quot;credit&quot;:&quot;&quot;,&quot;camera&quot;:&quot;&quot;,&quot;caption&quot;:&quot;&quot;,&quot;created_timestamp&quot;:&quot;0&quot;,&quot;copyright&quot;:&quot;&quot;,&quot;focal_length&quot;:&quot;0&quot;,&quot;iso&quot;:&quot;0&quot;,&quot;shutter_speed&quot;:&quot;0&quot;,&quot;title&quot;:&quot;&quot;,&quot;orientation&quot;:&quot;0&quot;}\" data-image-title=\"WhatsApp-Image-2019-09-17-at-9.48.46-AM\" data-image-description=\"\" data-image-caption=\"\" data-large-file=\"https:\/\/eldiariodesanpedro.com.ar\/sitio\/wp-content\/uploads\/2019\/09\/WhatsApp-Image-2019-09-17-at-9.48.46-AM-1024x768.jpeg\" data-src=\"https:\/\/i1.wp.com\/eldiariodesanpedro.com.ar\/sitio\/wp-content\/uploads\/2019\/09\/WhatsApp-Image-2019-09-17-at-9.48.46-AM.jpeg?fit=660%2C495\" alt=\"\" class=\"wp-image-60150 lazyload\" data-srcset=\"https:\/\/eldiariodesanpedro.com.ar\/sitio\/wp-content\/uploads\/2019\/09\/WhatsApp-Image-2019-09-17-at-9.48.46-AM.jpeg 1280w, https:\/\/eldiariodesanpedro.com.ar\/sitio\/wp-content\/uploads\/2019\/09\/WhatsApp-Image-2019-09-17-at-9.48.46-AM-300x225.jpeg 300w, https:\/\/eldiariodesanpedro.com.ar\/sitio\/wp-content\/uploads\/2019\/09\/WhatsApp-Image-2019-09-17-at-9.48.46-AM-768x576.jpeg 768w, https:\/\/eldiariodesanpedro.com.ar\/sitio\/wp-content\/uploads\/2019\/09\/WhatsApp-Image-2019-09-17-at-9.48.46-AM-1024x768.jpeg 1024w\" data-sizes=\"(max-width: 1280px) 100vw, 1280px\" src=\"data:image\/svg+xml;base64,PHN2ZyB3aWR0aD0iMSIgaGVpZ2h0PSIxIiB4bWxucz0iaHR0cDovL3d3dy53My5vcmcvMjAwMC9zdmciPjwvc3ZnPg==\" style=\"--smush-placeholder-width: 1280px; --smush-placeholder-aspect-ratio: 1280\/960;\" \/><\/figure>\n","protected":false},"excerpt":{"rendered":"<p>El rodado fue recuperado tras r\u00e1pido accionar policial. El delincuente fue aprehendido en fuga, tiene 26 a\u00f1os de edad y frondosos antecedentes, permanece alojado en la comisaria a la espera de la intervenci\u00f3n de la fiscalia en turno. El hecho se produjo por la noche del lunes, el malviviente sustrae una motocicleta X3M de color [&hellip;]<\/p>\n","protected":false},"author":4,"featured_media":57469,"comment_status":"open","ping_status":"closed","sticky":false,"template":"","format":"standard","meta":{"om_disable_all_campaigns":false,"_jetpack_memberships_contains_paid_content":false,"footnotes":""},"categories":[50,2,103],"tags":[],"class_list":["post-60148","post","type-post","status-publish","format-standard","has-post-thumbnail","hentry","category-destacadas","category-locales","category-policiales-locales"],"aioseo_notices":[],"gutentor_comment":0,"jetpack_featured_media_url":"https:\/\/eldiariodesanpedro.com.ar\/sitio\/wp-content\/uploads\/2019\/08\/detenido.jpg","jetpack_shortlink":"https:\/\/wp.me\/p6RhLt-fE8","jetpack_sharing_enabled":true,"_links":{"self":[{"href":"https:\/\/eldiariodesanpedro.com.ar\/sitio\/wp-json\/wp\/v2\/posts\/60148","targetHints":{"allow":["GET"]}}],"collection":[{"href":"https:\/\/eldiariodesanpedro.com.ar\/sitio\/wp-json\/wp\/v2\/posts"}],"about":[{"href":"https:\/\/eldiariodesanpedro.com.ar\/sitio\/wp-json\/wp\/v2\/types\/post"}],"author":[{"embeddable":true,"href":"https:\/\/eldiariodesanpedro.com.ar\/sitio\/wp-json\/wp\/v2\/users\/4"}],"replies":[{"embeddable":true,"href":"https:\/\/eldiariodesanpedro.com.ar\/sitio\/wp-json\/wp\/v2\/comments?post=60148"}],"version-history":[{"count":2,"href":"https:\/\/eldiariodesanpedro.com.ar\/sitio\/wp-json\/wp\/v2\/posts\/60148\/revisions"}],"predecessor-version":[{"id":60151,"href":"https:\/\/eldiariodesanpedro.com.ar\/sitio\/wp-json\/wp\/v2\/posts\/60148\/revisions\/60151"}],"wp:featuredmedia":[{"embeddable":true,"href":"https:\/\/eldiariodesanpedro.com.ar\/sitio\/wp-json\/wp\/v2\/media\/57469"}],"wp:attachment":[{"href":"https:\/\/eldiariodesanpedro.com.ar\/sitio\/wp-json\/wp\/v2\/media?parent=60148"}],"wp:term":[{"taxonomy":"category","embeddable":true,"href":"https:\/\/eldiariodesanpedro.com.ar\/sitio\/wp-json\/wp\/v2\/categories?post=60148"},{"taxonomy":"post_tag","embeddable":true,"href":"https:\/\/eldiariodesanpedro.com.ar\/sitio\/wp-json\/wp\/v2\/tags?post=60148"}],"curies":[{"name":"wp","href":"https:\/\/api.w.org\/{rel}","templated":true}]}}