{"id":60129,"date":"2019-09-16T19:05:03","date_gmt":"2019-09-16T22:05:03","guid":{"rendered":"https:\/\/eldiariodesanpedro.com.ar\/sitio\/?p=60129"},"modified":"2019-09-16T19:05:07","modified_gmt":"2019-09-16T22:05:07","slug":"charla-sobre-nuevo-sistema-de-identificacion-para-la-especie-equina","status":"publish","type":"post","link":"https:\/\/eldiariodesanpedro.com.ar\/sitio\/charla-sobre-nuevo-sistema-de-identificacion-para-la-especie-equina\/","title":{"rendered":"Charla sobre nuevo sistema de identificaci\u00f3n para la especie equina"},"content":{"rendered":"<!-- VideographyWP Plugin Message: Automatic video embedding prevented by plugin options. -->\n\n<p>Este domingo se llev\u00f3 a cabo en el Centro Cultural Abelardo Castillo una charla informativa brindada por el Ministerio de Agroindustria sobre el DUE.<\/p>\n\n\n\n<p>En el evento estuvieron presentes municipios como Arrecifes, Ramallo, el Jefe de la polic\u00eda Rural, el  Jefe Regional de SENASA local,  la Jueza de Faltas, y las autoridades quienes organizaron el Director de Auditor\u00eda Agroalimentaria Jose Luis Fite, el Coordinador DUE Daniel Ledesma y del Registro DUE Pedro Madivid.<\/p>\n\n\n\n<p>Se trata de  implementar de qu\u00e9 manera se empezar\u00e1 a cumplir la ley que entra en vigencia partir de diciembre del mismo a\u00f1o  Ley DUE 13.627.<\/p>\n\n\n\n<p>Una nueva herramienta para prevenir el abigeato<\/p>\n\n\n\n<p> \u00bf QUE ES EL DUE ?<\/p>\n\n\n\n<p> Es un sistema para la identificaci\u00f3n individual y tr\u00e1nsito de animales de la especie equina, establecido por la Ley DUE 13.627 y su reglamentaci\u00f3n Decreto 1.734. <\/p>\n\n\n\n<p>CREACION DE UN NUEVO REGISTRO <\/p>\n\n\n\n<p>Con esta Ley se crea un nuevo Registro de Identificaci\u00f3n Equina, reemplazando la marca a fuego establecida por el Decreto Ley 10081\/83 \u2013C\u00f3digo Rural- para la identificaci\u00f3n y a la Ley 10891 \u2013Gu\u00eda \u00danica de Traslado- para el amparo del traslado de los equinos. <\/p>\n\n\n\n<p>ALCANCE Y OBLIGATORIEDAD<\/p>\n\n\n\n<p> Es obligatorio la identificaci\u00f3n a trav\u00e9s de este sistema, de todos los equinos radicados en la provincia de Buenos Aires, sean puros de raza o mestizos, est\u00e9n o no marcados a fuego y sin distinci\u00f3n por actividad, sexo y edad. <\/p>\n\n\n\n<ul class=\"wp-block-gallery columns-3 is-cropped wp-block-gallery-1 is-layout-flex wp-block-gallery-is-layout-flex\"><li class=\"blocks-gallery-item\"><figure><img decoding=\"async\" width=\"1280\" height=\"960\" data-attachment-id=\"60130\" data-permalink=\"https:\/\/eldiariodesanpedro.com.ar\/sitio\/charla-sobre-nuevo-sistema-de-identificacion-para-la-especie-equina\/8ba18f4d-fff4-48d9-8c52-0a80daa3371b\/\" data-orig-file=\"https:\/\/eldiariodesanpedro.com.ar\/sitio\/wp-content\/uploads\/2019\/09\/8ba18f4d-fff4-48d9-8c52-0a80daa3371b.jpg\" data-orig-size=\"1280,960\" data-comments-opened=\"1\" data-image-meta=\"{&quot;aperture&quot;:&quot;0&quot;,&quot;credit&quot;:&quot;&quot;,&quot;camera&quot;:&quot;&quot;,&quot;caption&quot;:&quot;&quot;,&quot;created_timestamp&quot;:&quot;0&quot;,&quot;copyright&quot;:&quot;&quot;,&quot;focal_length&quot;:&quot;0&quot;,&quot;iso&quot;:&quot;0&quot;,&quot;shutter_speed&quot;:&quot;0&quot;,&quot;title&quot;:&quot;&quot;,&quot;orientation&quot;:&quot;0&quot;}\" data-image-title=\"8ba18f4d-fff4-48d9-8c52-0a80daa3371b\" data-image-description=\"\" data-image-caption=\"\" data-large-file=\"https:\/\/eldiariodesanpedro.com.ar\/sitio\/wp-content\/uploads\/2019\/09\/8ba18f4d-fff4-48d9-8c52-0a80daa3371b-1024x768.jpg\" data-src=\"https:\/\/i0.wp.com\/eldiariodesanpedro.com.ar\/sitio\/wp-content\/uploads\/2019\/09\/8ba18f4d-fff4-48d9-8c52-0a80daa3371b.jpg?fit=660%2C495\" alt=\"\" data-id=\"60130\" data-link=\"https:\/\/eldiariodesanpedro.com.ar\/sitio\/?attachment_id=60130\" class=\"wp-image-60130 lazyload\" data-srcset=\"https:\/\/eldiariodesanpedro.com.ar\/sitio\/wp-content\/uploads\/2019\/09\/8ba18f4d-fff4-48d9-8c52-0a80daa3371b.jpg 1280w, https:\/\/eldiariodesanpedro.com.ar\/sitio\/wp-content\/uploads\/2019\/09\/8ba18f4d-fff4-48d9-8c52-0a80daa3371b-300x225.jpg 300w, https:\/\/eldiariodesanpedro.com.ar\/sitio\/wp-content\/uploads\/2019\/09\/8ba18f4d-fff4-48d9-8c52-0a80daa3371b-768x576.jpg 768w, https:\/\/eldiariodesanpedro.com.ar\/sitio\/wp-content\/uploads\/2019\/09\/8ba18f4d-fff4-48d9-8c52-0a80daa3371b-1024x768.jpg 1024w\" data-sizes=\"(max-width: 1280px) 100vw, 1280px\" src=\"data:image\/svg+xml;base64,PHN2ZyB3aWR0aD0iMSIgaGVpZ2h0PSIxIiB4bWxucz0iaHR0cDovL3d3dy53My5vcmcvMjAwMC9zdmciPjwvc3ZnPg==\" style=\"--smush-placeholder-width: 1280px; --smush-placeholder-aspect-ratio: 1280\/960;\" \/><\/figure><\/li><li class=\"blocks-gallery-item\"><figure><img decoding=\"async\" width=\"1280\" height=\"960\" data-attachment-id=\"60131\" data-permalink=\"https:\/\/eldiariodesanpedro.com.ar\/sitio\/charla-sobre-nuevo-sistema-de-identificacion-para-la-especie-equina\/8e1d9f44-95b9-4d77-9df4-ee839015fa1a\/\" data-orig-file=\"https:\/\/eldiariodesanpedro.com.ar\/sitio\/wp-content\/uploads\/2019\/09\/8e1d9f44-95b9-4d77-9df4-ee839015fa1a.jpg\" data-orig-size=\"1280,960\" data-comments-opened=\"1\" data-image-meta=\"{&quot;aperture&quot;:&quot;0&quot;,&quot;credit&quot;:&quot;&quot;,&quot;camera&quot;:&quot;&quot;,&quot;caption&quot;:&quot;&quot;,&quot;created_timestamp&quot;:&quot;0&quot;,&quot;copyright&quot;:&quot;&quot;,&quot;focal_length&quot;:&quot;0&quot;,&quot;iso&quot;:&quot;0&quot;,&quot;shutter_speed&quot;:&quot;0&quot;,&quot;title&quot;:&quot;&quot;,&quot;orientation&quot;:&quot;0&quot;}\" data-image-title=\"8e1d9f44-95b9-4d77-9df4-ee839015fa1a\" data-image-description=\"\" data-image-caption=\"\" data-large-file=\"https:\/\/eldiariodesanpedro.com.ar\/sitio\/wp-content\/uploads\/2019\/09\/8e1d9f44-95b9-4d77-9df4-ee839015fa1a-1024x768.jpg\" data-src=\"https:\/\/i0.wp.com\/eldiariodesanpedro.com.ar\/sitio\/wp-content\/uploads\/2019\/09\/8e1d9f44-95b9-4d77-9df4-ee839015fa1a.jpg?fit=660%2C495\" alt=\"\" data-id=\"60131\" data-link=\"https:\/\/eldiariodesanpedro.com.ar\/sitio\/?attachment_id=60131\" class=\"wp-image-60131 lazyload\" data-srcset=\"https:\/\/eldiariodesanpedro.com.ar\/sitio\/wp-content\/uploads\/2019\/09\/8e1d9f44-95b9-4d77-9df4-ee839015fa1a.jpg 1280w, https:\/\/eldiariodesanpedro.com.ar\/sitio\/wp-content\/uploads\/2019\/09\/8e1d9f44-95b9-4d77-9df4-ee839015fa1a-300x225.jpg 300w, https:\/\/eldiariodesanpedro.com.ar\/sitio\/wp-content\/uploads\/2019\/09\/8e1d9f44-95b9-4d77-9df4-ee839015fa1a-768x576.jpg 768w, https:\/\/eldiariodesanpedro.com.ar\/sitio\/wp-content\/uploads\/2019\/09\/8e1d9f44-95b9-4d77-9df4-ee839015fa1a-1024x768.jpg 1024w\" data-sizes=\"(max-width: 1280px) 100vw, 1280px\" src=\"data:image\/svg+xml;base64,PHN2ZyB3aWR0aD0iMSIgaGVpZ2h0PSIxIiB4bWxucz0iaHR0cDovL3d3dy53My5vcmcvMjAwMC9zdmciPjwvc3ZnPg==\" style=\"--smush-placeholder-width: 1280px; --smush-placeholder-aspect-ratio: 1280\/960;\" \/><\/figure><\/li><li class=\"blocks-gallery-item\"><figure><img decoding=\"async\" width=\"1280\" height=\"960\" data-attachment-id=\"60132\" data-permalink=\"https:\/\/eldiariodesanpedro.com.ar\/sitio\/charla-sobre-nuevo-sistema-de-identificacion-para-la-especie-equina\/d95c9b0a-67ac-4fa6-ab3f-e408fa2d8afd\/\" data-orig-file=\"https:\/\/eldiariodesanpedro.com.ar\/sitio\/wp-content\/uploads\/2019\/09\/d95c9b0a-67ac-4fa6-ab3f-e408fa2d8afd.jpg\" data-orig-size=\"1280,960\" data-comments-opened=\"1\" data-image-meta=\"{&quot;aperture&quot;:&quot;0&quot;,&quot;credit&quot;:&quot;&quot;,&quot;camera&quot;:&quot;&quot;,&quot;caption&quot;:&quot;&quot;,&quot;created_timestamp&quot;:&quot;0&quot;,&quot;copyright&quot;:&quot;&quot;,&quot;focal_length&quot;:&quot;0&quot;,&quot;iso&quot;:&quot;0&quot;,&quot;shutter_speed&quot;:&quot;0&quot;,&quot;title&quot;:&quot;&quot;,&quot;orientation&quot;:&quot;0&quot;}\" data-image-title=\"d95c9b0a-67ac-4fa6-ab3f-e408fa2d8afd\" data-image-description=\"\" data-image-caption=\"\" data-large-file=\"https:\/\/eldiariodesanpedro.com.ar\/sitio\/wp-content\/uploads\/2019\/09\/d95c9b0a-67ac-4fa6-ab3f-e408fa2d8afd-1024x768.jpg\" data-src=\"https:\/\/i2.wp.com\/eldiariodesanpedro.com.ar\/sitio\/wp-content\/uploads\/2019\/09\/d95c9b0a-67ac-4fa6-ab3f-e408fa2d8afd.jpg?fit=660%2C495\" alt=\"\" data-id=\"60132\" data-link=\"https:\/\/eldiariodesanpedro.com.ar\/sitio\/?attachment_id=60132\" class=\"wp-image-60132 lazyload\" data-srcset=\"https:\/\/eldiariodesanpedro.com.ar\/sitio\/wp-content\/uploads\/2019\/09\/d95c9b0a-67ac-4fa6-ab3f-e408fa2d8afd.jpg 1280w, https:\/\/eldiariodesanpedro.com.ar\/sitio\/wp-content\/uploads\/2019\/09\/d95c9b0a-67ac-4fa6-ab3f-e408fa2d8afd-300x225.jpg 300w, https:\/\/eldiariodesanpedro.com.ar\/sitio\/wp-content\/uploads\/2019\/09\/d95c9b0a-67ac-4fa6-ab3f-e408fa2d8afd-768x576.jpg 768w, https:\/\/eldiariodesanpedro.com.ar\/sitio\/wp-content\/uploads\/2019\/09\/d95c9b0a-67ac-4fa6-ab3f-e408fa2d8afd-1024x768.jpg 1024w\" data-sizes=\"(max-width: 1280px) 100vw, 1280px\" src=\"data:image\/svg+xml;base64,PHN2ZyB3aWR0aD0iMSIgaGVpZ2h0PSIxIiB4bWxucz0iaHR0cDovL3d3dy53My5vcmcvMjAwMC9zdmciPjwvc3ZnPg==\" style=\"--smush-placeholder-width: 1280px; --smush-placeholder-aspect-ratio: 1280\/960;\" \/><\/figure><\/li><\/ul>\n","protected":false},"excerpt":{"rendered":"<p>Este domingo se llev\u00f3 a cabo en el Centro Cultural Abelardo Castillo una charla informativa brindada por el Ministerio de Agroindustria sobre el DUE. En el evento estuvieron presentes municipios como Arrecifes, Ramallo, el Jefe de la polic\u00eda Rural, el Jefe Regional de SENASA local, la Jueza de Faltas, y las autoridades quienes organizaron el [&hellip;]<\/p>\n","protected":false},"author":4,"featured_media":60133,"comment_status":"open","ping_status":"closed","sticky":false,"template":"","format":"standard","meta":{"om_disable_all_campaigns":false,"_jetpack_memberships_contains_paid_content":false,"footnotes":""},"categories":[101,2],"tags":[],"class_list":["post-60129","post","type-post","status-publish","format-standard","has-post-thumbnail","hentry","category-interes-general-locales","category-locales"],"aioseo_notices":[],"gutentor_comment":0,"jetpack_featured_media_url":"https:\/\/eldiariodesanpedro.com.ar\/sitio\/wp-content\/uploads\/2019\/09\/afiche_A4_DUE.jpg","jetpack_shortlink":"https:\/\/wp.me\/p6RhLt-fDP","jetpack_sharing_enabled":true,"_links":{"self":[{"href":"https:\/\/eldiariodesanpedro.com.ar\/sitio\/wp-json\/wp\/v2\/posts\/60129","targetHints":{"allow":["GET"]}}],"collection":[{"href":"https:\/\/eldiariodesanpedro.com.ar\/sitio\/wp-json\/wp\/v2\/posts"}],"about":[{"href":"https:\/\/eldiariodesanpedro.com.ar\/sitio\/wp-json\/wp\/v2\/types\/post"}],"author":[{"embeddable":true,"href":"https:\/\/eldiariodesanpedro.com.ar\/sitio\/wp-json\/wp\/v2\/users\/4"}],"replies":[{"embeddable":true,"href":"https:\/\/eldiariodesanpedro.com.ar\/sitio\/wp-json\/wp\/v2\/comments?post=60129"}],"version-history":[{"count":1,"href":"https:\/\/eldiariodesanpedro.com.ar\/sitio\/wp-json\/wp\/v2\/posts\/60129\/revisions"}],"predecessor-version":[{"id":60134,"href":"https:\/\/eldiariodesanpedro.com.ar\/sitio\/wp-json\/wp\/v2\/posts\/60129\/revisions\/60134"}],"wp:featuredmedia":[{"embeddable":true,"href":"https:\/\/eldiariodesanpedro.com.ar\/sitio\/wp-json\/wp\/v2\/media\/60133"}],"wp:attachment":[{"href":"https:\/\/eldiariodesanpedro.com.ar\/sitio\/wp-json\/wp\/v2\/media?parent=60129"}],"wp:term":[{"taxonomy":"category","embeddable":true,"href":"https:\/\/eldiariodesanpedro.com.ar\/sitio\/wp-json\/wp\/v2\/categories?post=60129"},{"taxonomy":"post_tag","embeddable":true,"href":"https:\/\/eldiariodesanpedro.com.ar\/sitio\/wp-json\/wp\/v2\/tags?post=60129"}],"curies":[{"name":"wp","href":"https:\/\/api.w.org\/{rel}","templated":true}]}}