{"id":60126,"date":"2019-09-16T11:31:08","date_gmt":"2019-09-16T14:31:08","guid":{"rendered":"https:\/\/eldiariodesanpedro.com.ar\/sitio\/?p=60126"},"modified":"2019-09-16T11:31:12","modified_gmt":"2019-09-16T14:31:12","slug":"se-vienen-los-super-miercoles-de-septiembre","status":"publish","type":"post","link":"https:\/\/eldiariodesanpedro.com.ar\/sitio\/se-vienen-los-super-miercoles-de-septiembre\/","title":{"rendered":"Se vienen los Super Mi\u00e9rcoles de septiembre"},"content":{"rendered":"<!-- VideographyWP Plugin Message: Automatic video embedding prevented by plugin options. -->\n\n<p>\n\nLa \u201cpromoci\u00f3n estrella\u201d del Banco Provincia siempre se aplica el tercer y cuarto mi\u00e9rcoles de cada mes, en este caso los dos \u00faltimos de septiembre. El tope de 2 mil pesos es unificado entre ambos d\u00edas.<\/p>\n\n\n\n<p>Aunque se presum\u00eda que el gobierno provincial elevar\u00eda el tope de reintegro como parte de un paquete de medidas de contenci\u00f3n luego de la \u00faltima devaluaci\u00f3n, esta medida se suspendi\u00f3 ante la ca\u00edda de fondos coparticipables por alrededor de 6 mil millones de pesos que provocaron las medidas de \u201calivio\u201d del gobierno nacional, entre las que se destaca la quita del IVA en alimentos.<\/p>\n\n\n\n<p>La promoci\u00f3n del Banco Provincia provoca una concentraci\u00f3n de ventas durante los d\u00edas de su aplicaci\u00f3n. Sus clientes, en su mayor\u00eda trabajadores estatales, planifican su mayor compra mensual para esos d\u00edas.<\/p>\n\n\n\n<p>El \u201cSuper Ahoro\u201d excluye productos de perfumer\u00eda e higiene personal, como desodorantes corporales y pa\u00f1ales, y tambi\u00e9n bebidas alcoh\u00f3licas.<\/p>\n\n\n\n<p>Los productos incluidos son: alimentos, frescos, frutas y verduras, carnes (s\u00f3lo tapa de asado, paleta y roast beef), cortes de cerdo nacionales, bebidas sin alcohol, art\u00edculos de limpieza y productos de las categor\u00edas y\/o rubros mencionados bajo el compromiso de Precios Cuidados.<\/p>\n\n\n\n<p>La promoci\u00f3n est\u00e1 vigente para los clientes del Banco Provincia, tanto con tarjeta de cr\u00e9dito como d\u00e9bito. En el primer caso el reintegro puede figurar en el resumen siguiente a aquel en que ingrese el consumo, mientras que con d\u00e9bito se efectuar\u00e1 dentro de los 10 d\u00edas h\u00e1biles.<\/p>\n\n\n\n<p>Algunos supermercados permiten acceder a la promoci\u00f3n con la modalidad de compras online, sin hacer largas colas. Incluso se puede agregar los productos con varios d\u00edas de antelaci\u00f3n y programar la entrega para los d\u00edas mi\u00e9rcoles en que rigen los descuentos.<\/p>\n","protected":false},"excerpt":{"rendered":"<p>La \u201cpromoci\u00f3n estrella\u201d del Banco Provincia siempre se aplica el tercer y cuarto mi\u00e9rcoles de cada mes, en este caso los dos \u00faltimos de septiembre. El tope de 2 mil pesos es unificado entre ambos d\u00edas. Aunque se presum\u00eda que el gobierno provincial elevar\u00eda el tope de reintegro como parte de un paquete de medidas [&hellip;]<\/p>\n","protected":false},"author":4,"featured_media":60127,"comment_status":"open","ping_status":"closed","sticky":false,"template":"","format":"standard","meta":{"om_disable_all_campaigns":false,"_jetpack_memberships_contains_paid_content":false,"footnotes":""},"categories":[621],"tags":[],"class_list":["post-60126","post","type-post","status-publish","format-standard","has-post-thumbnail","hentry","category-regionales"],"aioseo_notices":[],"gutentor_comment":0,"jetpack_featured_media_url":"https:\/\/eldiariodesanpedro.com.ar\/sitio\/wp-content\/uploads\/2019\/09\/no_tmgrdgujz9kpuqiupraveny_banco_provincia.jpg","jetpack_shortlink":"https:\/\/wp.me\/p6RhLt-fDM","jetpack_sharing_enabled":true,"_links":{"self":[{"href":"https:\/\/eldiariodesanpedro.com.ar\/sitio\/wp-json\/wp\/v2\/posts\/60126","targetHints":{"allow":["GET"]}}],"collection":[{"href":"https:\/\/eldiariodesanpedro.com.ar\/sitio\/wp-json\/wp\/v2\/posts"}],"about":[{"href":"https:\/\/eldiariodesanpedro.com.ar\/sitio\/wp-json\/wp\/v2\/types\/post"}],"author":[{"embeddable":true,"href":"https:\/\/eldiariodesanpedro.com.ar\/sitio\/wp-json\/wp\/v2\/users\/4"}],"replies":[{"embeddable":true,"href":"https:\/\/eldiariodesanpedro.com.ar\/sitio\/wp-json\/wp\/v2\/comments?post=60126"}],"version-history":[{"count":1,"href":"https:\/\/eldiariodesanpedro.com.ar\/sitio\/wp-json\/wp\/v2\/posts\/60126\/revisions"}],"predecessor-version":[{"id":60128,"href":"https:\/\/eldiariodesanpedro.com.ar\/sitio\/wp-json\/wp\/v2\/posts\/60126\/revisions\/60128"}],"wp:featuredmedia":[{"embeddable":true,"href":"https:\/\/eldiariodesanpedro.com.ar\/sitio\/wp-json\/wp\/v2\/media\/60127"}],"wp:attachment":[{"href":"https:\/\/eldiariodesanpedro.com.ar\/sitio\/wp-json\/wp\/v2\/media?parent=60126"}],"wp:term":[{"taxonomy":"category","embeddable":true,"href":"https:\/\/eldiariodesanpedro.com.ar\/sitio\/wp-json\/wp\/v2\/categories?post=60126"},{"taxonomy":"post_tag","embeddable":true,"href":"https:\/\/eldiariodesanpedro.com.ar\/sitio\/wp-json\/wp\/v2\/tags?post=60126"}],"curies":[{"name":"wp","href":"https:\/\/api.w.org\/{rel}","templated":true}]}}