{"id":60123,"date":"2019-09-16T11:29:25","date_gmt":"2019-09-16T14:29:25","guid":{"rendered":"https:\/\/eldiariodesanpedro.com.ar\/sitio\/?p=60123"},"modified":"2019-09-16T11:29:29","modified_gmt":"2019-09-16T14:29:29","slug":"san-nicolas-impresionante-vuelco-de-un-auto-en-av-savio","status":"publish","type":"post","link":"https:\/\/eldiariodesanpedro.com.ar\/sitio\/san-nicolas-impresionante-vuelco-de-un-auto-en-av-savio\/","title":{"rendered":"SAN NICOL\u00c1S | Impresionante vuelco de un auto en Av. Savio"},"content":{"rendered":"<!-- VideographyWP Plugin Message: Automatic video embedding prevented by plugin options. -->\n\n<p>\n\nAlrededor de las 6 de la ma\u00f1ana de este domingo, se produjo un impresionante vuelco de un Volkswagen Gol, dominio EZL501, conducido por Juan Manuel Gonz\u00e1lez de 22 a\u00f1os quien result\u00f3 con politraumatismos.<\/p>\n\n\n\n<p>El accidente ocurri\u00f3 en Av. Savio, entre Cochabamba y Cavalli, sentido norte &#8211; sur. El veh\u00edculo qued\u00f3 en la vereda frente a la agencia de remises que est\u00e1 ubicada en ese lugar. Uno de los trabajadores del lugar salv\u00f3 milagrosamente su vida ya que instantes antes ingresaba a la remisera.<\/p>\n\n\n\n<p>Ahora, se busca determinar los motivos que llevaron a tremendo desenlace.<\/p>\n\n\n\n<p>Fuente: Diario El Informante <\/p>\n","protected":false},"excerpt":{"rendered":"<p>Alrededor de las 6 de la ma\u00f1ana de este domingo, se produjo un impresionante vuelco de un Volkswagen Gol, dominio EZL501, conducido por Juan Manuel Gonz\u00e1lez de 22 a\u00f1os quien result\u00f3 con politraumatismos. El accidente ocurri\u00f3 en Av. Savio, entre Cochabamba y Cavalli, sentido norte &#8211; sur. El veh\u00edculo qued\u00f3 en la vereda frente a [&hellip;]<\/p>\n","protected":false},"author":4,"featured_media":60124,"comment_status":"open","ping_status":"closed","sticky":false,"template":"","format":"standard","meta":{"om_disable_all_campaigns":false,"_jetpack_memberships_contains_paid_content":false,"footnotes":""},"categories":[621],"tags":[],"class_list":["post-60123","post","type-post","status-publish","format-standard","has-post-thumbnail","hentry","category-regionales"],"aioseo_notices":[],"gutentor_comment":0,"jetpack_featured_media_url":"https:\/\/eldiariodesanpedro.com.ar\/sitio\/wp-content\/uploads\/2019\/09\/conmarca22146.jpg","jetpack_shortlink":"https:\/\/wp.me\/p6RhLt-fDJ","jetpack_sharing_enabled":true,"_links":{"self":[{"href":"https:\/\/eldiariodesanpedro.com.ar\/sitio\/wp-json\/wp\/v2\/posts\/60123","targetHints":{"allow":["GET"]}}],"collection":[{"href":"https:\/\/eldiariodesanpedro.com.ar\/sitio\/wp-json\/wp\/v2\/posts"}],"about":[{"href":"https:\/\/eldiariodesanpedro.com.ar\/sitio\/wp-json\/wp\/v2\/types\/post"}],"author":[{"embeddable":true,"href":"https:\/\/eldiariodesanpedro.com.ar\/sitio\/wp-json\/wp\/v2\/users\/4"}],"replies":[{"embeddable":true,"href":"https:\/\/eldiariodesanpedro.com.ar\/sitio\/wp-json\/wp\/v2\/comments?post=60123"}],"version-history":[{"count":1,"href":"https:\/\/eldiariodesanpedro.com.ar\/sitio\/wp-json\/wp\/v2\/posts\/60123\/revisions"}],"predecessor-version":[{"id":60125,"href":"https:\/\/eldiariodesanpedro.com.ar\/sitio\/wp-json\/wp\/v2\/posts\/60123\/revisions\/60125"}],"wp:featuredmedia":[{"embeddable":true,"href":"https:\/\/eldiariodesanpedro.com.ar\/sitio\/wp-json\/wp\/v2\/media\/60124"}],"wp:attachment":[{"href":"https:\/\/eldiariodesanpedro.com.ar\/sitio\/wp-json\/wp\/v2\/media?parent=60123"}],"wp:term":[{"taxonomy":"category","embeddable":true,"href":"https:\/\/eldiariodesanpedro.com.ar\/sitio\/wp-json\/wp\/v2\/categories?post=60123"},{"taxonomy":"post_tag","embeddable":true,"href":"https:\/\/eldiariodesanpedro.com.ar\/sitio\/wp-json\/wp\/v2\/tags?post=60123"}],"curies":[{"name":"wp","href":"https:\/\/api.w.org\/{rel}","templated":true}]}}