{"id":60120,"date":"2019-09-16T11:20:44","date_gmt":"2019-09-16T14:20:44","guid":{"rendered":"https:\/\/eldiariodesanpedro.com.ar\/sitio\/?p=60120"},"modified":"2019-09-16T11:20:49","modified_gmt":"2019-09-16T14:20:49","slug":"pergamino-macri-en-forzada-inauguracion","status":"publish","type":"post","link":"https:\/\/eldiariodesanpedro.com.ar\/sitio\/pergamino-macri-en-forzada-inauguracion\/","title":{"rendered":"PERGAMINO | Macri en forzada \u00abinauguraci\u00f3n\u00bb"},"content":{"rendered":"<!-- VideographyWP Plugin Message: Automatic video embedding prevented by plugin options. -->\n\n<p><strong>\u00abMacri inaugur\u00f3 obra de la autopista Pilar-Pergamino\u00bb<\/strong>, dice el t\u00edtulo del comunicado oficial de Presidencia de la Naci\u00f3n, agregando que \u00abel presidente Mauricio Macri particip\u00f3 del acto de inauguraci\u00f3n de un tramo del medio anillo de circunvalaci\u00f3n que forma parte de la obra de la autopista Pilar-Pergamino de la ruta 8 en la provincia de Buenos Aires\u00bb.<\/p>\n\n\n\n<p>Lo cierto es que nada fue inaugurado, ya que sabemos que la autopista se encuentra en obras, especialmente ese enlace en Pergamino. No obstante, el Presidente estuvo este viernes en la vecina ciudad, desde donde hizo un discurso en clave de pol\u00edtica electoral. Junto al intendente Javier Mart\u00ednez y el ministro de Transporte Guillermo Dietrich recorrieron las obras de un tramo de la autopista. \u00abLa incertidumbre pol\u00edtica hace m\u00e1s dif\u00edcil llegar a fin de mes\u00bb, recalc\u00f3.<\/p>\n\n\n\n<p>Macri encabez\u00f3 un acto sobre el cemento de esa traza y su cruce con la ruta N\u00ba 188, al sur del casco urbano de Pergamino.<\/p>\n\n\n\n<p>Se inform\u00f3 oficialmente que en las pr\u00f3ximas semanas se habilitar\u00eda efectivamente esa parte de la obra, cuando se culminen los detalles que est\u00e1n en marcha. El tramo en cuesti\u00f3n es el comprendido entre la ruta N\u00ba 188 y la ruta N\u00ba 8 pasando el Aero Club.<\/p>\n\n\n\n<p>Macri, que se postula para renovar su cargo, lleg\u00f3 a Pergamino con el ministro de Trasporte Guillermo Dietrich y fue acompa\u00f1ado durante su estad\u00eda por el intendente Javier Mart\u00ednez, tambi\u00e9n candidato para renovar el cargo en las elecciones del 27 de octubre.<\/p>\n\n\n\n<p>Fuente: Arrecifes Noticias<\/p>\n","protected":false},"excerpt":{"rendered":"<p>\u00abMacri inaugur\u00f3 obra de la autopista Pilar-Pergamino\u00bb, dice el t\u00edtulo del comunicado oficial de Presidencia de la Naci\u00f3n, agregando que \u00abel presidente Mauricio Macri particip\u00f3 del acto de inauguraci\u00f3n de un tramo del medio anillo de circunvalaci\u00f3n que forma parte de la obra de la autopista Pilar-Pergamino de la ruta 8 en la provincia de [&hellip;]<\/p>\n","protected":false},"author":4,"featured_media":60121,"comment_status":"open","ping_status":"closed","sticky":false,"template":"","format":"standard","meta":{"om_disable_all_campaigns":false,"_jetpack_memberships_contains_paid_content":false,"footnotes":""},"categories":[621],"tags":[],"class_list":["post-60120","post","type-post","status-publish","format-standard","has-post-thumbnail","hentry","category-regionales"],"aioseo_notices":[],"gutentor_comment":0,"jetpack_featured_media_url":"https:\/\/eldiariodesanpedro.com.ar\/sitio\/wp-content\/uploads\/2019\/09\/macri-en-pergamino-828x510.jpg","jetpack_shortlink":"https:\/\/wp.me\/p6RhLt-fDG","jetpack_sharing_enabled":true,"_links":{"self":[{"href":"https:\/\/eldiariodesanpedro.com.ar\/sitio\/wp-json\/wp\/v2\/posts\/60120","targetHints":{"allow":["GET"]}}],"collection":[{"href":"https:\/\/eldiariodesanpedro.com.ar\/sitio\/wp-json\/wp\/v2\/posts"}],"about":[{"href":"https:\/\/eldiariodesanpedro.com.ar\/sitio\/wp-json\/wp\/v2\/types\/post"}],"author":[{"embeddable":true,"href":"https:\/\/eldiariodesanpedro.com.ar\/sitio\/wp-json\/wp\/v2\/users\/4"}],"replies":[{"embeddable":true,"href":"https:\/\/eldiariodesanpedro.com.ar\/sitio\/wp-json\/wp\/v2\/comments?post=60120"}],"version-history":[{"count":1,"href":"https:\/\/eldiariodesanpedro.com.ar\/sitio\/wp-json\/wp\/v2\/posts\/60120\/revisions"}],"predecessor-version":[{"id":60122,"href":"https:\/\/eldiariodesanpedro.com.ar\/sitio\/wp-json\/wp\/v2\/posts\/60120\/revisions\/60122"}],"wp:featuredmedia":[{"embeddable":true,"href":"https:\/\/eldiariodesanpedro.com.ar\/sitio\/wp-json\/wp\/v2\/media\/60121"}],"wp:attachment":[{"href":"https:\/\/eldiariodesanpedro.com.ar\/sitio\/wp-json\/wp\/v2\/media?parent=60120"}],"wp:term":[{"taxonomy":"category","embeddable":true,"href":"https:\/\/eldiariodesanpedro.com.ar\/sitio\/wp-json\/wp\/v2\/categories?post=60120"},{"taxonomy":"post_tag","embeddable":true,"href":"https:\/\/eldiariodesanpedro.com.ar\/sitio\/wp-json\/wp\/v2\/tags?post=60120"}],"curies":[{"name":"wp","href":"https:\/\/api.w.org\/{rel}","templated":true}]}}