{"id":60107,"date":"2019-09-16T11:03:13","date_gmt":"2019-09-16T14:03:13","guid":{"rendered":"https:\/\/eldiariodesanpedro.com.ar\/sitio\/?p=60107"},"modified":"2019-09-16T11:03:17","modified_gmt":"2019-09-16T14:03:17","slug":"zarate-senalizan-el-edificio-de-prefectura-zarate-como-centro-clandestino-de-detencion","status":"publish","type":"post","link":"https:\/\/eldiariodesanpedro.com.ar\/sitio\/zarate-senalizan-el-edificio-de-prefectura-zarate-como-centro-clandestino-de-detencion\/","title":{"rendered":"Z\u00c1RATE | Se\u00f1alizan el Edificio de Prefectura Z\u00e1rate como Centro Clandestino de Detenci\u00f3n"},"content":{"rendered":"<!-- VideographyWP Plugin Message: Automatic video embedding prevented by plugin options. -->\n\n<p> El concejal del vecinalismo Carlos G\u00f3mez particip\u00f3 del acto de se\u00f1alizaci\u00f3n y destac\u00f3 la importancia de mantener viva la memoria y la b\u00fasqueda de justicia por la represi\u00f3n de la \u00faltima dictadura militar.<\/p>\n\n\n\n<p>\n\n\u201cEs nuestra responsabilidad mantener viva la memoria sobre los hechos de desapariciones, torturas y asesinatos ocurridos durante la \u00faltima dictadura militar, y poder se\u00f1alizar los lugares que fueron centros de detenci\u00f3n en la zona es un paso muy importante para consolidar la memoria, la democracia y las instituciones\u201d, se\u00f1al\u00f3 el Concejal de la UV M\u00e1s Campana, Carlos Gomez, tras participar del acto de se\u00f1alizaci\u00f3n del Edificio de Prefectura Puerto de Z\u00e1rate como Centro Clandestino de Detenci\u00f3n.<\/p>\n\n\n\n<p>\u201cEn Campana hace dos a\u00f1os propusimos en el Concejo Deliberante la se\u00f1alizaci\u00f3n del Tolueno que desde el \u00e1rea de DDHH del Municipio nos dijeron que ya estaba todo listo para que se se\u00f1alice, per hasta hora seguimos esperando\u201d expres\u00f3 el edil, quien asever\u00f3 que \u201cqued\u00f3 probado en una sentencia del a\u00f1o 2013 la existencia de un circuito de centros clandestinos de detenci\u00f3n entre los cuales se encontraba el Edificio de Prefectura Puerto de Z\u00e1rate\u201d.<\/p>\n\n\n\n<p>\u201cEsperamos que en Campana podamos avanzar con la se\u00f1alizaci\u00f3n del Tolueno, del Club Ciudad y de la Comisar\u00eda Primera de Campana para que estos lugares se conviertan en un s\u00edmbolo de lo que nunca m\u00e1s debe ocurrir en nuestro pa\u00eds\u201d, concluy\u00f3 Gomez. <\/p>\n\n\n\n<p>Fuente: Campana Noticias<\/p>\n","protected":false},"excerpt":{"rendered":"<p>El concejal del vecinalismo Carlos G\u00f3mez particip\u00f3 del acto de se\u00f1alizaci\u00f3n y destac\u00f3 la importancia de mantener viva la memoria y la b\u00fasqueda de justicia por la represi\u00f3n de la \u00faltima dictadura militar. \u201cEs nuestra responsabilidad mantener viva la memoria sobre los hechos de desapariciones, torturas y asesinatos ocurridos durante la \u00faltima dictadura militar, y [&hellip;]<\/p>\n","protected":false},"author":4,"featured_media":60108,"comment_status":"open","ping_status":"closed","sticky":false,"template":"","format":"standard","meta":{"om_disable_all_campaigns":false,"_jetpack_memberships_contains_paid_content":false,"footnotes":""},"categories":[621],"tags":[],"class_list":["post-60107","post","type-post","status-publish","format-standard","has-post-thumbnail","hentry","category-regionales"],"aioseo_notices":[],"gutentor_comment":0,"jetpack_featured_media_url":"https:\/\/eldiariodesanpedro.com.ar\/sitio\/wp-content\/uploads\/2019\/09\/20190915091404.jpg","jetpack_shortlink":"https:\/\/wp.me\/p6RhLt-fDt","jetpack_sharing_enabled":true,"_links":{"self":[{"href":"https:\/\/eldiariodesanpedro.com.ar\/sitio\/wp-json\/wp\/v2\/posts\/60107","targetHints":{"allow":["GET"]}}],"collection":[{"href":"https:\/\/eldiariodesanpedro.com.ar\/sitio\/wp-json\/wp\/v2\/posts"}],"about":[{"href":"https:\/\/eldiariodesanpedro.com.ar\/sitio\/wp-json\/wp\/v2\/types\/post"}],"author":[{"embeddable":true,"href":"https:\/\/eldiariodesanpedro.com.ar\/sitio\/wp-json\/wp\/v2\/users\/4"}],"replies":[{"embeddable":true,"href":"https:\/\/eldiariodesanpedro.com.ar\/sitio\/wp-json\/wp\/v2\/comments?post=60107"}],"version-history":[{"count":1,"href":"https:\/\/eldiariodesanpedro.com.ar\/sitio\/wp-json\/wp\/v2\/posts\/60107\/revisions"}],"predecessor-version":[{"id":60109,"href":"https:\/\/eldiariodesanpedro.com.ar\/sitio\/wp-json\/wp\/v2\/posts\/60107\/revisions\/60109"}],"wp:featuredmedia":[{"embeddable":true,"href":"https:\/\/eldiariodesanpedro.com.ar\/sitio\/wp-json\/wp\/v2\/media\/60108"}],"wp:attachment":[{"href":"https:\/\/eldiariodesanpedro.com.ar\/sitio\/wp-json\/wp\/v2\/media?parent=60107"}],"wp:term":[{"taxonomy":"category","embeddable":true,"href":"https:\/\/eldiariodesanpedro.com.ar\/sitio\/wp-json\/wp\/v2\/categories?post=60107"},{"taxonomy":"post_tag","embeddable":true,"href":"https:\/\/eldiariodesanpedro.com.ar\/sitio\/wp-json\/wp\/v2\/tags?post=60107"}],"curies":[{"name":"wp","href":"https:\/\/api.w.org\/{rel}","templated":true}]}}