{"id":60104,"date":"2019-09-16T10:42:19","date_gmt":"2019-09-16T13:42:19","guid":{"rendered":"https:\/\/eldiariodesanpedro.com.ar\/sitio\/?p=60104"},"modified":"2019-09-16T10:42:24","modified_gmt":"2019-09-16T13:42:24","slug":"campana-salio-de-la-ruta-9-y-volco","status":"publish","type":"post","link":"https:\/\/eldiariodesanpedro.com.ar\/sitio\/campana-salio-de-la-ruta-9-y-volco\/","title":{"rendered":"CAMPANA | Sali\u00f3 de la Ruta 9 y volc\u00f3"},"content":{"rendered":"<!-- VideographyWP Plugin Message: Automatic video embedding prevented by plugin options. -->\n\n<p> El conductor del auto perdi\u00f3 el control al ingresar en la Av. 6 de Julio. Por fortuna, sali\u00f3 ileso. Pero el Volkswagen Up que conduc\u00eda, termin\u00f3 \u201cpatas para arriba\u201d.<\/p>\n\n\n\n<p>\n\nCerca de las 02.30hs, un auto perdi\u00f3 el control y volc\u00f3 en la bajada de a Ruta 9 y la Av. 6 de Julio.<\/p>\n\n\n\n<p>Al parecer, su conductor habr\u00eda realizado una mala maniobra, no pudiendo controla al rodado. Sin embargo, pese al accidente sali\u00f3 ileso. Fue identificado como Raxyz Lojda.<\/p>\n\n\n\n<p>El m\u00f3vil zona 5 del CP se hizo presente en el lugar, asistiendo al automovilista. <\/p>\n\n\n\n<p>Fuente: Campana Noticias<\/p>\n","protected":false},"excerpt":{"rendered":"<p>El conductor del auto perdi\u00f3 el control al ingresar en la Av. 6 de Julio. Por fortuna, sali\u00f3 ileso. Pero el Volkswagen Up que conduc\u00eda, termin\u00f3 \u201cpatas para arriba\u201d. Cerca de las 02.30hs, un auto perdi\u00f3 el control y volc\u00f3 en la bajada de a Ruta 9 y la Av. 6 de Julio. Al parecer, [&hellip;]<\/p>\n","protected":false},"author":4,"featured_media":60105,"comment_status":"open","ping_status":"closed","sticky":false,"template":"","format":"standard","meta":{"om_disable_all_campaigns":false,"_jetpack_memberships_contains_paid_content":false,"footnotes":""},"categories":[621],"tags":[],"class_list":["post-60104","post","type-post","status-publish","format-standard","has-post-thumbnail","hentry","category-regionales"],"aioseo_notices":[],"gutentor_comment":0,"jetpack_featured_media_url":"https:\/\/eldiariodesanpedro.com.ar\/sitio\/wp-content\/uploads\/2019\/09\/20190915095510.jpg","jetpack_shortlink":"https:\/\/wp.me\/p6RhLt-fDq","jetpack_sharing_enabled":true,"_links":{"self":[{"href":"https:\/\/eldiariodesanpedro.com.ar\/sitio\/wp-json\/wp\/v2\/posts\/60104","targetHints":{"allow":["GET"]}}],"collection":[{"href":"https:\/\/eldiariodesanpedro.com.ar\/sitio\/wp-json\/wp\/v2\/posts"}],"about":[{"href":"https:\/\/eldiariodesanpedro.com.ar\/sitio\/wp-json\/wp\/v2\/types\/post"}],"author":[{"embeddable":true,"href":"https:\/\/eldiariodesanpedro.com.ar\/sitio\/wp-json\/wp\/v2\/users\/4"}],"replies":[{"embeddable":true,"href":"https:\/\/eldiariodesanpedro.com.ar\/sitio\/wp-json\/wp\/v2\/comments?post=60104"}],"version-history":[{"count":1,"href":"https:\/\/eldiariodesanpedro.com.ar\/sitio\/wp-json\/wp\/v2\/posts\/60104\/revisions"}],"predecessor-version":[{"id":60106,"href":"https:\/\/eldiariodesanpedro.com.ar\/sitio\/wp-json\/wp\/v2\/posts\/60104\/revisions\/60106"}],"wp:featuredmedia":[{"embeddable":true,"href":"https:\/\/eldiariodesanpedro.com.ar\/sitio\/wp-json\/wp\/v2\/media\/60105"}],"wp:attachment":[{"href":"https:\/\/eldiariodesanpedro.com.ar\/sitio\/wp-json\/wp\/v2\/media?parent=60104"}],"wp:term":[{"taxonomy":"category","embeddable":true,"href":"https:\/\/eldiariodesanpedro.com.ar\/sitio\/wp-json\/wp\/v2\/categories?post=60104"},{"taxonomy":"post_tag","embeddable":true,"href":"https:\/\/eldiariodesanpedro.com.ar\/sitio\/wp-json\/wp\/v2\/tags?post=60104"}],"curies":[{"name":"wp","href":"https:\/\/api.w.org\/{rel}","templated":true}]}}