{"id":60101,"date":"2019-09-16T10:33:36","date_gmt":"2019-09-16T13:33:36","guid":{"rendered":"https:\/\/eldiariodesanpedro.com.ar\/sitio\/?p=60101"},"modified":"2019-09-16T10:33:41","modified_gmt":"2019-09-16T13:33:41","slug":"campana-pelea-entre-hermanos-termina-con-ambos-apunalados-y-un-vecino-herido","status":"publish","type":"post","link":"https:\/\/eldiariodesanpedro.com.ar\/sitio\/campana-pelea-entre-hermanos-termina-con-ambos-apunalados-y-un-vecino-herido\/","title":{"rendered":"CAMPANA | Pelea entre hermanos termina con ambos apu\u00f1alados y un vecino herido"},"content":{"rendered":"<!-- VideographyWP Plugin Message: Automatic video embedding prevented by plugin options. -->\n\n<p> En San Cayetano, dos sujetos se pasaron de copas y comenzaron una fuerte discusi\u00f3n, que intensific\u00f3 la violencia cuando ambos se atacaron con un arma blanca, mientras que un vecino que intent\u00f3 separar sufri\u00f3 un corte en el cuero cabelludo. Dos ambulancias del Same auxiliaron a los heridos. Tres patrulleros intervinieron.<\/p>\n\n\n\n<p>\n\nViolento y sangriento entredicho entre dos hermanos, tuvo lugar en la calle Ibarra del barrio San Cayetano.<\/p>\n\n\n\n<p>Cerca de las 22 hs., testigos se\u00f1alan que ambos familiares se trenzaron en una fuerte discusi\u00f3n, inducidos adem\u00e1s por el exceso de alcohol. La cosa pas\u00f3 a mayores cuando uno de ellos hiere con un arma blanca a su hermano, apu\u00f1al\u00e1ndolo en la espalda y piernas. Como respuesta, sufri\u00f3 una herida punzante en la panza y cortes en la cabeza.<\/p>\n\n\n\n<p>Para colmo, un vecino quiso intervenir para separar a los hermanos, pero tambi\u00e9n result\u00f3 herido con un corte en el cuero cabelludo.<\/p>\n\n\n\n<p>Dos m\u00f3viles del Same arribaron al lugar, a cargo de la Doctora Noguero, trasladando a los hermanos al hospital local. Mientras tanto el vecino agredido, identificado como Gustavo Candia, fue asistido en el lugar.<\/p>\n\n\n\n<p>Tres m\u00f3viles del Comando Patrulla local fueron necesarios para calmar la situaci\u00f3n. <\/p>\n\n\n\n<p>Fuente: Campana Noticias<\/p>\n","protected":false},"excerpt":{"rendered":"<p>En San Cayetano, dos sujetos se pasaron de copas y comenzaron una fuerte discusi\u00f3n, que intensific\u00f3 la violencia cuando ambos se atacaron con un arma blanca, mientras que un vecino que intent\u00f3 separar sufri\u00f3 un corte en el cuero cabelludo. Dos ambulancias del Same auxiliaron a los heridos. Tres patrulleros intervinieron. Violento y sangriento entredicho [&hellip;]<\/p>\n","protected":false},"author":4,"featured_media":60102,"comment_status":"open","ping_status":"closed","sticky":false,"template":"","format":"standard","meta":{"om_disable_all_campaigns":false,"_jetpack_memberships_contains_paid_content":false,"footnotes":""},"categories":[621],"tags":[],"class_list":["post-60101","post","type-post","status-publish","format-standard","has-post-thumbnail","hentry","category-regionales"],"aioseo_notices":[],"gutentor_comment":0,"jetpack_featured_media_url":"https:\/\/eldiariodesanpedro.com.ar\/sitio\/wp-content\/uploads\/2019\/09\/20190915124518.jpg","jetpack_shortlink":"https:\/\/wp.me\/p6RhLt-fDn","jetpack_sharing_enabled":true,"_links":{"self":[{"href":"https:\/\/eldiariodesanpedro.com.ar\/sitio\/wp-json\/wp\/v2\/posts\/60101","targetHints":{"allow":["GET"]}}],"collection":[{"href":"https:\/\/eldiariodesanpedro.com.ar\/sitio\/wp-json\/wp\/v2\/posts"}],"about":[{"href":"https:\/\/eldiariodesanpedro.com.ar\/sitio\/wp-json\/wp\/v2\/types\/post"}],"author":[{"embeddable":true,"href":"https:\/\/eldiariodesanpedro.com.ar\/sitio\/wp-json\/wp\/v2\/users\/4"}],"replies":[{"embeddable":true,"href":"https:\/\/eldiariodesanpedro.com.ar\/sitio\/wp-json\/wp\/v2\/comments?post=60101"}],"version-history":[{"count":1,"href":"https:\/\/eldiariodesanpedro.com.ar\/sitio\/wp-json\/wp\/v2\/posts\/60101\/revisions"}],"predecessor-version":[{"id":60103,"href":"https:\/\/eldiariodesanpedro.com.ar\/sitio\/wp-json\/wp\/v2\/posts\/60101\/revisions\/60103"}],"wp:featuredmedia":[{"embeddable":true,"href":"https:\/\/eldiariodesanpedro.com.ar\/sitio\/wp-json\/wp\/v2\/media\/60102"}],"wp:attachment":[{"href":"https:\/\/eldiariodesanpedro.com.ar\/sitio\/wp-json\/wp\/v2\/media?parent=60101"}],"wp:term":[{"taxonomy":"category","embeddable":true,"href":"https:\/\/eldiariodesanpedro.com.ar\/sitio\/wp-json\/wp\/v2\/categories?post=60101"},{"taxonomy":"post_tag","embeddable":true,"href":"https:\/\/eldiariodesanpedro.com.ar\/sitio\/wp-json\/wp\/v2\/tags?post=60101"}],"curies":[{"name":"wp","href":"https:\/\/api.w.org\/{rel}","templated":true}]}}