{"id":60098,"date":"2019-09-16T10:28:30","date_gmt":"2019-09-16T13:28:30","guid":{"rendered":"https:\/\/eldiariodesanpedro.com.ar\/sitio\/?p=60098"},"modified":"2019-09-16T10:28:34","modified_gmt":"2019-09-16T13:28:34","slug":"plaza-colon-los-pueblos-se-encontraron-en-un-exitoso-festival","status":"publish","type":"post","link":"https:\/\/eldiariodesanpedro.com.ar\/sitio\/plaza-colon-los-pueblos-se-encontraron-en-un-exitoso-festival\/","title":{"rendered":"Plaza Col\u00f3n: Los pueblos se encontraron en un exitoso festival"},"content":{"rendered":"<!-- VideographyWP Plugin Message: Automatic video embedding prevented by plugin options. -->\n\n<p>El domingo desde las 13:00 horas en la Plaza Col\u00f3n se realiz\u00f3 el Festival de los Pueblos.<\/p>\n\n\n\n<p>Organizado por el municipio con el objetivo de un intercambio cultural que permiti\u00f3 a las localidades de Alsina, Ireneo Portela y Santa Coloma mostrar todo el potencial de su gente compartiendo su m\u00fasica y sus costumbres.<\/p>\n\n\n\n<p>Durante la jornada, que fue acompa\u00f1ada por un clima primaveral, se compartieron delicias gastron\u00f3micas, m\u00fasica m\u00e1s la presencia de la feria de emprendedores.<\/p>\n\n\n\n<p>La plaza Col\u00f3n lucio a pleno en la tarde del domingo en este primer festival de los pueblos.<\/p>\n\n\n\n<p>Fuente: Baradero Te Informa<\/p>\n","protected":false},"excerpt":{"rendered":"<p>El domingo desde las 13:00 horas en la Plaza Col\u00f3n se realiz\u00f3 el Festival de los Pueblos. Organizado por el municipio con el objetivo de un intercambio cultural que permiti\u00f3 a las localidades de Alsina, Ireneo Portela y Santa Coloma mostrar todo el potencial de su gente compartiendo su m\u00fasica y sus costumbres. Durante la [&hellip;]<\/p>\n","protected":false},"author":4,"featured_media":60099,"comment_status":"open","ping_status":"closed","sticky":false,"template":"","format":"standard","meta":{"om_disable_all_campaigns":false,"_jetpack_memberships_contains_paid_content":false,"footnotes":""},"categories":[621],"tags":[],"class_list":["post-60098","post","type-post","status-publish","format-standard","has-post-thumbnail","hentry","category-regionales"],"aioseo_notices":[],"gutentor_comment":0,"jetpack_featured_media_url":"https:\/\/eldiariodesanpedro.com.ar\/sitio\/wp-content\/uploads\/2019\/09\/DSC_0259-Copy.jpg","jetpack_shortlink":"https:\/\/wp.me\/p6RhLt-fDk","jetpack_sharing_enabled":true,"_links":{"self":[{"href":"https:\/\/eldiariodesanpedro.com.ar\/sitio\/wp-json\/wp\/v2\/posts\/60098","targetHints":{"allow":["GET"]}}],"collection":[{"href":"https:\/\/eldiariodesanpedro.com.ar\/sitio\/wp-json\/wp\/v2\/posts"}],"about":[{"href":"https:\/\/eldiariodesanpedro.com.ar\/sitio\/wp-json\/wp\/v2\/types\/post"}],"author":[{"embeddable":true,"href":"https:\/\/eldiariodesanpedro.com.ar\/sitio\/wp-json\/wp\/v2\/users\/4"}],"replies":[{"embeddable":true,"href":"https:\/\/eldiariodesanpedro.com.ar\/sitio\/wp-json\/wp\/v2\/comments?post=60098"}],"version-history":[{"count":1,"href":"https:\/\/eldiariodesanpedro.com.ar\/sitio\/wp-json\/wp\/v2\/posts\/60098\/revisions"}],"predecessor-version":[{"id":60100,"href":"https:\/\/eldiariodesanpedro.com.ar\/sitio\/wp-json\/wp\/v2\/posts\/60098\/revisions\/60100"}],"wp:featuredmedia":[{"embeddable":true,"href":"https:\/\/eldiariodesanpedro.com.ar\/sitio\/wp-json\/wp\/v2\/media\/60099"}],"wp:attachment":[{"href":"https:\/\/eldiariodesanpedro.com.ar\/sitio\/wp-json\/wp\/v2\/media?parent=60098"}],"wp:term":[{"taxonomy":"category","embeddable":true,"href":"https:\/\/eldiariodesanpedro.com.ar\/sitio\/wp-json\/wp\/v2\/categories?post=60098"},{"taxonomy":"post_tag","embeddable":true,"href":"https:\/\/eldiariodesanpedro.com.ar\/sitio\/wp-json\/wp\/v2\/tags?post=60098"}],"curies":[{"name":"wp","href":"https:\/\/api.w.org\/{rel}","templated":true}]}}