{"id":60093,"date":"2019-09-16T10:25:38","date_gmt":"2019-09-16T13:25:38","guid":{"rendered":"https:\/\/eldiariodesanpedro.com.ar\/sitio\/?p=60093"},"modified":"2019-09-16T10:26:52","modified_gmt":"2019-09-16T13:26:52","slug":"arrecifes-kicillof-desembarco-en-la-segunda-seccion-con-candidatos-a-intendentes","status":"publish","type":"post","link":"https:\/\/eldiariodesanpedro.com.ar\/sitio\/arrecifes-kicillof-desembarco-en-la-segunda-seccion-con-candidatos-a-intendentes\/","title":{"rendered":"ARRECIFES | Kicillof desembarc\u00f3 en la segunda secci\u00f3n con candidatos a intendentes"},"content":{"rendered":"<!-- VideographyWP Plugin Message: Automatic video embedding prevented by plugin options. -->\n\n<p>El candidato a gobernador de Buenos Aires por el Frente de Todos, Axel Kicillof, se encuentra en plena campa\u00f1a de cara a las elecciones generales del 27 de octubre. En ese sentido, desembarc\u00f3 en la segunda secci\u00f3n y pas\u00f3 por Arrecifes y Pergamino. All\u00ed estuvo junto a los candidatos a intendentes de esas localidades y lanz\u00f3 cr\u00edticas a Juntos por el Cambio.<\/p>\n\n\n\n<p>En Arrecifes, Kicillof realiz\u00f3 actividades con representantes del sector productivo, agropecuario y comercial. En ese marco, expres\u00f3 que \u00abdurante estos cuatro a\u00f1os no he encontrado un solo trabajador, empresario, comerciante o peque\u00f1o agropecuario, que no se haya esforzado m\u00e1s. Ese discurso de que el problema depend\u00eda del esfuerzo personal para que todo funcione, es cierto, pero debe estar acompa\u00f1ado de pol\u00edticas p\u00fablicas nacionales, provinciales y municipales que generen las condiciones para que el esfuerzo individual y la inversi\u00f3n de cada uno de los empresarios argentinos rinda frutos, crezca y se desarrolle\u201d.<\/p>\n\n\n\n<p>Desde la C\u00e1mara de Comercio e Industria de Arrecifes y acompa\u00f1ado por el candidato a intendente, Patricio Di Palma, afirm\u00f3 que durante el encuentro recibi\u00f3 \u201cideas valiosas, como cada vez que visitamos la Provincia y nos reunimos con los distintos sectores. Ideas que tienen en cuenta, no solo grandes planes sino tambi\u00e9n los problemas y necesidades particulares de cada uno de los rincones de la Provincia que son semejantes, pero no iguales\u201d.<\/p>\n\n\n\n<p>A su vez, record\u00f3 que en la gesti\u00f3n de la gobernadora Vidal, la Provincia \u201cestuvo m\u00e1s de un a\u00f1o sin Ministro de Producci\u00f3n\u201d lo que demuestra \u201cun total desinter\u00e9s, de igual manera, el hecho de que el Banco Provincia haya cortado sus l\u00edneas de cr\u00e9dito para las pymes\u201d.<\/p>\n\n\n\n<p>En su segunda escala, Kicillof arrib\u00f3 al \u201cSindicato de Trabajadores de Correos y Telecomunicaciones\u201d de Pergamino, donde fue recibido por la candidata a intendenta del Frente de Todos, Mar\u00eda Eugenia Ball Lima. Finalmente, particip\u00f3 de un encuentro en el Club Fomento Centenario de esa localidad: \u201cPergamino tiene que hacer historia, tiene que volver a tener una intendencia que piense y se ocupe de los vecinos y vecinas, tiene que tener por primera vez una intendenta mujer\u201d, subray\u00f3 el actual diputado, y concluy\u00f3: \u201cEstamos peleando para que Argentina, Buenos Aires, y Pergamino se vuelvan a poner en marcha\u201d.<\/p>\n\n\n\n<p>M\u00e1s tarde, el candidato a gobernador mantuvo un encuentro con la Federaci\u00f3n de Cooperativas Federadas (FECOFE), Agricultores Federados Argentinos (AFA) y Federaci\u00f3n Agraria Argentina (FAA). En tanto tambi\u00e9n, tiene previsto en su itinerario, visitar las localidades de Capit\u00e1n Sarmiento, San Antonio de Areco y Exaltaci\u00f3n de la Cruz.<\/p>\n\n\n\n<p>Fuente: Ramallo Informa<\/p>\n","protected":false},"excerpt":{"rendered":"<p>El candidato a gobernador de Buenos Aires por el Frente de Todos, Axel Kicillof, se encuentra en plena campa\u00f1a de cara a las elecciones generales del 27 de octubre. En ese sentido, desembarc\u00f3 en la segunda secci\u00f3n y pas\u00f3 por Arrecifes y Pergamino. All\u00ed estuvo junto a los candidatos a intendentes de esas localidades y [&hellip;]<\/p>\n","protected":false},"author":4,"featured_media":60095,"comment_status":"open","ping_status":"closed","sticky":false,"template":"","format":"standard","meta":{"om_disable_all_campaigns":false,"_jetpack_memberships_contains_paid_content":false,"footnotes":""},"categories":[621],"tags":[],"class_list":["post-60093","post","type-post","status-publish","format-standard","has-post-thumbnail","hentry","category-regionales"],"aioseo_notices":[],"gutentor_comment":0,"jetpack_featured_media_url":"https:\/\/eldiariodesanpedro.com.ar\/sitio\/wp-content\/uploads\/2019\/09\/20190913102851_kici.jpg","jetpack_shortlink":"https:\/\/wp.me\/p6RhLt-fDf","jetpack_sharing_enabled":true,"_links":{"self":[{"href":"https:\/\/eldiariodesanpedro.com.ar\/sitio\/wp-json\/wp\/v2\/posts\/60093","targetHints":{"allow":["GET"]}}],"collection":[{"href":"https:\/\/eldiariodesanpedro.com.ar\/sitio\/wp-json\/wp\/v2\/posts"}],"about":[{"href":"https:\/\/eldiariodesanpedro.com.ar\/sitio\/wp-json\/wp\/v2\/types\/post"}],"author":[{"embeddable":true,"href":"https:\/\/eldiariodesanpedro.com.ar\/sitio\/wp-json\/wp\/v2\/users\/4"}],"replies":[{"embeddable":true,"href":"https:\/\/eldiariodesanpedro.com.ar\/sitio\/wp-json\/wp\/v2\/comments?post=60093"}],"version-history":[{"count":2,"href":"https:\/\/eldiariodesanpedro.com.ar\/sitio\/wp-json\/wp\/v2\/posts\/60093\/revisions"}],"predecessor-version":[{"id":60097,"href":"https:\/\/eldiariodesanpedro.com.ar\/sitio\/wp-json\/wp\/v2\/posts\/60093\/revisions\/60097"}],"wp:featuredmedia":[{"embeddable":true,"href":"https:\/\/eldiariodesanpedro.com.ar\/sitio\/wp-json\/wp\/v2\/media\/60095"}],"wp:attachment":[{"href":"https:\/\/eldiariodesanpedro.com.ar\/sitio\/wp-json\/wp\/v2\/media?parent=60093"}],"wp:term":[{"taxonomy":"category","embeddable":true,"href":"https:\/\/eldiariodesanpedro.com.ar\/sitio\/wp-json\/wp\/v2\/categories?post=60093"},{"taxonomy":"post_tag","embeddable":true,"href":"https:\/\/eldiariodesanpedro.com.ar\/sitio\/wp-json\/wp\/v2\/tags?post=60093"}],"curies":[{"name":"wp","href":"https:\/\/api.w.org\/{rel}","templated":true}]}}