{"id":60086,"date":"2019-09-16T10:11:19","date_gmt":"2019-09-16T13:11:19","guid":{"rendered":"https:\/\/eldiariodesanpedro.com.ar\/sitio\/?p=60086"},"modified":"2019-09-16T11:18:48","modified_gmt":"2019-09-16T14:18:48","slug":"un-patrullero-volco-en-un-camino-rural","status":"publish","type":"post","link":"https:\/\/eldiariodesanpedro.com.ar\/sitio\/un-patrullero-volco-en-un-camino-rural\/","title":{"rendered":"Un patrullero volc\u00f3 en un camino rural"},"content":{"rendered":"<!-- VideographyWP Plugin Message: Automatic video embedding prevented by plugin options. -->\n\n<p>En horas de la madrugada de este lunes, un efectivo policial del Destacamento de Santa Luc\u00eda volc\u00f3 en el patrullero, tras chocar contra una alcantarilla. Sufri\u00f3 politraumatismos varios pero se encuentra fuera de peligro.&nbsp;<\/p>\n\n\n\n<p>Un efectivo del Destacamento de Santa Luc\u00eda volc\u00f3 el patrullero en el que viajaba, en la madrugada de este lunes, en el camino a Colegiales.<\/p>\n\n\n\n<p>El vuelco se habr\u00eda producido luego que el conductor chocara contra una alcantarilla, lo que provoc\u00f3 que perdiera el control sobre el rodado, volcando.<\/p>\n\n\n\n<p>El efectivo policial result\u00f3 con politraumatismos varios, que afortunadamente no revisten gravedad.<\/p>\n\n\n\n<p>Fue asistido en el Hospital y tom\u00f3 intervenci\u00f3n la Fiscal\u00eda 5 a cargo del Doctor Marcelo Manso.<br>Fuente y Gentileza: Visi\u00f3n Regional<\/p>\n","protected":false},"excerpt":{"rendered":"<p>En horas de la madrugada de este lunes, un efectivo policial del Destacamento de Santa Luc\u00eda volc\u00f3 en el patrullero, tras chocar contra una alcantarilla. Sufri\u00f3 politraumatismos varios pero se encuentra fuera de peligro.&nbsp; Un efectivo del Destacamento de Santa Luc\u00eda volc\u00f3 el patrullero en el que viajaba, en la madrugada de este lunes, en [&hellip;]<\/p>\n","protected":false},"author":4,"featured_media":60117,"comment_status":"open","ping_status":"closed","sticky":false,"template":"","format":"standard","meta":{"om_disable_all_campaigns":false,"_jetpack_memberships_contains_paid_content":false,"footnotes":""},"categories":[2,103],"tags":[],"class_list":["post-60086","post","type-post","status-publish","format-standard","has-post-thumbnail","hentry","category-locales","category-policiales-locales"],"aioseo_notices":[],"gutentor_comment":0,"jetpack_featured_media_url":"https:\/\/eldiariodesanpedro.com.ar\/sitio\/wp-content\/uploads\/2019\/09\/WhatsApp-Image-2019-09-16-at-11.11.25.jpeg","jetpack_shortlink":"https:\/\/wp.me\/p6RhLt-fD8","jetpack_sharing_enabled":true,"_links":{"self":[{"href":"https:\/\/eldiariodesanpedro.com.ar\/sitio\/wp-json\/wp\/v2\/posts\/60086","targetHints":{"allow":["GET"]}}],"collection":[{"href":"https:\/\/eldiariodesanpedro.com.ar\/sitio\/wp-json\/wp\/v2\/posts"}],"about":[{"href":"https:\/\/eldiariodesanpedro.com.ar\/sitio\/wp-json\/wp\/v2\/types\/post"}],"author":[{"embeddable":true,"href":"https:\/\/eldiariodesanpedro.com.ar\/sitio\/wp-json\/wp\/v2\/users\/4"}],"replies":[{"embeddable":true,"href":"https:\/\/eldiariodesanpedro.com.ar\/sitio\/wp-json\/wp\/v2\/comments?post=60086"}],"version-history":[{"count":4,"href":"https:\/\/eldiariodesanpedro.com.ar\/sitio\/wp-json\/wp\/v2\/posts\/60086\/revisions"}],"predecessor-version":[{"id":60119,"href":"https:\/\/eldiariodesanpedro.com.ar\/sitio\/wp-json\/wp\/v2\/posts\/60086\/revisions\/60119"}],"wp:featuredmedia":[{"embeddable":true,"href":"https:\/\/eldiariodesanpedro.com.ar\/sitio\/wp-json\/wp\/v2\/media\/60117"}],"wp:attachment":[{"href":"https:\/\/eldiariodesanpedro.com.ar\/sitio\/wp-json\/wp\/v2\/media?parent=60086"}],"wp:term":[{"taxonomy":"category","embeddable":true,"href":"https:\/\/eldiariodesanpedro.com.ar\/sitio\/wp-json\/wp\/v2\/categories?post=60086"},{"taxonomy":"post_tag","embeddable":true,"href":"https:\/\/eldiariodesanpedro.com.ar\/sitio\/wp-json\/wp\/v2\/tags?post=60086"}],"curies":[{"name":"wp","href":"https:\/\/api.w.org\/{rel}","templated":true}]}}