{"id":60083,"date":"2019-09-16T10:07:05","date_gmt":"2019-09-16T13:07:05","guid":{"rendered":"https:\/\/eldiariodesanpedro.com.ar\/sitio\/?p=60083"},"modified":"2019-09-16T10:07:10","modified_gmt":"2019-09-16T13:07:10","slug":"delincuentes-con-frondosos-antecedentes-se-agredieron-en-la-plaza-belgrano","status":"publish","type":"post","link":"https:\/\/eldiariodesanpedro.com.ar\/sitio\/delincuentes-con-frondosos-antecedentes-se-agredieron-en-la-plaza-belgrano\/","title":{"rendered":"Delincuentes con frondosos antecedentes se agredieron en la plaza Belgrano"},"content":{"rendered":"<!-- VideographyWP Plugin Message: Automatic video embedding prevented by plugin options. -->\n\n<p>Se trata de cuatro j\u00f3venes que cuentan con antecedentes de todo tipo y pasan sus d\u00edas en ese espacio p\u00fablico poniendo en riesgo al resto de las personas que van al lugar. Se pelearon entre s\u00ed y todos resultaron heridos. Sucedi\u00f3 el domingo a la tarde.\u00a0<\/p>\n\n\n\n<p>La presencia de un grupo de j\u00f3venes, y otros no tanto, que cuentan con frondosos antecedentes y pasan sus d\u00edas a toda hora en la plaza Belgrano, ha tra\u00eddo preocupaci\u00f3n en quienes viven en esa zona y otras personas que a diario pasan por all\u00ed.\u00a0<\/p>\n\n\n\n<p>Se trata de personas altamente peligrosas y que constantemente perturban el orden del lugar y lo acontecido en la tarde del domingo le otorga una escenograf\u00eda lamentable a esa pintoresca zona del centro de la ciudad y que a la vez ponen en riesgo la integridad f\u00edsica de quienes ocasionalmente pasan por all\u00ed.&nbsp;&nbsp;<\/p>\n\n\n\n<p>El domingo, en horas de la tarde y delante de varios testigos, estos sujetos de pelearon entre s\u00ed hasta llegar a agredirse con armas blancas que llevaban entre sus ropas.&nbsp;<\/p>\n\n\n\n<p>Los violentos identificados como OS de 43 a\u00f1os, ns DE 25, RM de 31&nbsp;y GN de 43, terminaron golpeados y heridos debido a los golpes y puntazos que se efectuaron.&nbsp;<\/p>\n\n\n\n<p>Una comisi\u00f3n policial arrib\u00f3 al lugar alertado por los atemorizados vecinos y logr\u00f3 aprehender a los peligrosos sujetos que fueron conducidos a la dependencia policial.\u00a0\u00a0<\/p>\n\n\n\n<p>Fuente: San Pedro Informa<\/p>\n","protected":false},"excerpt":{"rendered":"<p>Se trata de cuatro j\u00f3venes que cuentan con antecedentes de todo tipo y pasan sus d\u00edas en ese espacio p\u00fablico poniendo en riesgo al resto de las personas que van al lugar. Se pelearon entre s\u00ed y todos resultaron heridos. Sucedi\u00f3 el domingo a la tarde.\u00a0 La presencia de un grupo de j\u00f3venes, y otros [&hellip;]<\/p>\n","protected":false},"author":4,"featured_media":60084,"comment_status":"open","ping_status":"closed","sticky":false,"template":"","format":"standard","meta":{"om_disable_all_campaigns":false,"_jetpack_memberships_contains_paid_content":false,"footnotes":""},"categories":[2,103],"tags":[],"class_list":["post-60083","post","type-post","status-publish","format-standard","has-post-thumbnail","hentry","category-locales","category-policiales-locales"],"aioseo_notices":[],"gutentor_comment":0,"jetpack_featured_media_url":"https:\/\/eldiariodesanpedro.com.ar\/sitio\/wp-content\/uploads\/2019\/09\/000079789.jpg","jetpack_shortlink":"https:\/\/wp.me\/p6RhLt-fD5","jetpack_sharing_enabled":true,"_links":{"self":[{"href":"https:\/\/eldiariodesanpedro.com.ar\/sitio\/wp-json\/wp\/v2\/posts\/60083","targetHints":{"allow":["GET"]}}],"collection":[{"href":"https:\/\/eldiariodesanpedro.com.ar\/sitio\/wp-json\/wp\/v2\/posts"}],"about":[{"href":"https:\/\/eldiariodesanpedro.com.ar\/sitio\/wp-json\/wp\/v2\/types\/post"}],"author":[{"embeddable":true,"href":"https:\/\/eldiariodesanpedro.com.ar\/sitio\/wp-json\/wp\/v2\/users\/4"}],"replies":[{"embeddable":true,"href":"https:\/\/eldiariodesanpedro.com.ar\/sitio\/wp-json\/wp\/v2\/comments?post=60083"}],"version-history":[{"count":1,"href":"https:\/\/eldiariodesanpedro.com.ar\/sitio\/wp-json\/wp\/v2\/posts\/60083\/revisions"}],"predecessor-version":[{"id":60085,"href":"https:\/\/eldiariodesanpedro.com.ar\/sitio\/wp-json\/wp\/v2\/posts\/60083\/revisions\/60085"}],"wp:featuredmedia":[{"embeddable":true,"href":"https:\/\/eldiariodesanpedro.com.ar\/sitio\/wp-json\/wp\/v2\/media\/60084"}],"wp:attachment":[{"href":"https:\/\/eldiariodesanpedro.com.ar\/sitio\/wp-json\/wp\/v2\/media?parent=60083"}],"wp:term":[{"taxonomy":"category","embeddable":true,"href":"https:\/\/eldiariodesanpedro.com.ar\/sitio\/wp-json\/wp\/v2\/categories?post=60083"},{"taxonomy":"post_tag","embeddable":true,"href":"https:\/\/eldiariodesanpedro.com.ar\/sitio\/wp-json\/wp\/v2\/tags?post=60083"}],"curies":[{"name":"wp","href":"https:\/\/api.w.org\/{rel}","templated":true}]}}