{"id":60077,"date":"2019-09-16T10:20:47","date_gmt":"2019-09-16T13:20:47","guid":{"rendered":"https:\/\/eldiariodesanpedro.com.ar\/sitio\/?p=60077"},"modified":"2019-09-16T10:20:52","modified_gmt":"2019-09-16T13:20:52","slug":"robaron-una-motocicleta-de-la-via-publica-3","status":"publish","type":"post","link":"https:\/\/eldiariodesanpedro.com.ar\/sitio\/robaron-una-motocicleta-de-la-via-publica-3\/","title":{"rendered":"Robaron una motocicleta de la v\u00eda publica"},"content":{"rendered":"<!-- VideographyWP Plugin Message: Automatic video embedding prevented by plugin options. -->\n\n<p>El rodado se encontraba estacionado en intersecci\u00f3n de las calles Arnaldo y Pellegrini cuando delincuentes ignorados lograron sustraerlo.<\/p>\n\n\n\n<p>Sucedi\u00f3 en horas de la noche de este domingo, la motocicleta marca Yamaha se encontraba estacionada en la v\u00eda publica y fue sustra\u00edda, sin ejercer violencia por malvivientes.<\/p>\n\n\n\n<p>Su propietaria radico la denuncia en la dependencia local. Toma intervenci\u00f3n la fiscalia N\u00ba5.<\/p>\n\n\n\n<p><\/p>\n","protected":false},"excerpt":{"rendered":"<p>El rodado se encontraba estacionado en intersecci\u00f3n de las calles Arnaldo y Pellegrini cuando delincuentes ignorados lograron sustraerlo. Sucedi\u00f3 en horas de la noche de este domingo, la motocicleta marca Yamaha se encontraba estacionada en la v\u00eda publica y fue sustra\u00edda, sin ejercer violencia por malvivientes. Su propietaria radico la denuncia en la dependencia local. [&hellip;]<\/p>\n","protected":false},"author":4,"featured_media":60006,"comment_status":"open","ping_status":"closed","sticky":false,"template":"","format":"standard","meta":{"om_disable_all_campaigns":false,"_jetpack_memberships_contains_paid_content":false,"footnotes":""},"categories":[2,103],"tags":[],"class_list":["post-60077","post","type-post","status-publish","format-standard","has-post-thumbnail","hentry","category-locales","category-policiales-locales"],"aioseo_notices":[],"gutentor_comment":0,"jetpack_featured_media_url":"https:\/\/eldiariodesanpedro.com.ar\/sitio\/wp-content\/uploads\/2019\/09\/20170220071411_denuncian-robo-de-motocicleta-en-el.jpg","jetpack_shortlink":"https:\/\/wp.me\/p6RhLt-fCZ","jetpack_sharing_enabled":true,"_links":{"self":[{"href":"https:\/\/eldiariodesanpedro.com.ar\/sitio\/wp-json\/wp\/v2\/posts\/60077","targetHints":{"allow":["GET"]}}],"collection":[{"href":"https:\/\/eldiariodesanpedro.com.ar\/sitio\/wp-json\/wp\/v2\/posts"}],"about":[{"href":"https:\/\/eldiariodesanpedro.com.ar\/sitio\/wp-json\/wp\/v2\/types\/post"}],"author":[{"embeddable":true,"href":"https:\/\/eldiariodesanpedro.com.ar\/sitio\/wp-json\/wp\/v2\/users\/4"}],"replies":[{"embeddable":true,"href":"https:\/\/eldiariodesanpedro.com.ar\/sitio\/wp-json\/wp\/v2\/comments?post=60077"}],"version-history":[{"count":1,"href":"https:\/\/eldiariodesanpedro.com.ar\/sitio\/wp-json\/wp\/v2\/posts\/60077\/revisions"}],"predecessor-version":[{"id":60092,"href":"https:\/\/eldiariodesanpedro.com.ar\/sitio\/wp-json\/wp\/v2\/posts\/60077\/revisions\/60092"}],"wp:featuredmedia":[{"embeddable":true,"href":"https:\/\/eldiariodesanpedro.com.ar\/sitio\/wp-json\/wp\/v2\/media\/60006"}],"wp:attachment":[{"href":"https:\/\/eldiariodesanpedro.com.ar\/sitio\/wp-json\/wp\/v2\/media?parent=60077"}],"wp:term":[{"taxonomy":"category","embeddable":true,"href":"https:\/\/eldiariodesanpedro.com.ar\/sitio\/wp-json\/wp\/v2\/categories?post=60077"},{"taxonomy":"post_tag","embeddable":true,"href":"https:\/\/eldiariodesanpedro.com.ar\/sitio\/wp-json\/wp\/v2\/tags?post=60077"}],"curies":[{"name":"wp","href":"https:\/\/api.w.org\/{rel}","templated":true}]}}