{"id":60033,"date":"2019-09-15T16:52:55","date_gmt":"2019-09-15T19:52:55","guid":{"rendered":"https:\/\/eldiariodesanpedro.com.ar\/sitio\/?p=60033"},"modified":"2019-09-15T16:52:59","modified_gmt":"2019-09-15T19:52:59","slug":"varios-aprehendidos-por-tenencia-de-estupefacientes-y-disturbios","status":"publish","type":"post","link":"https:\/\/eldiariodesanpedro.com.ar\/sitio\/varios-aprehendidos-por-tenencia-de-estupefacientes-y-disturbios\/","title":{"rendered":"Varios aprehendidos por tenencia de estupefacientes y disturbios"},"content":{"rendered":"<!-- VideographyWP Plugin Message: Automatic video embedding prevented by plugin options. -->\n\n<p>El s\u00e1bado el personal policial aprehendi\u00f3 en calle Benefactora Sampedrina al 800 masculino menor de edad quien ten\u00eda en su poder envoltorio de nylon conteniendo 1 gramos de sustancia simil&nbsp; marihuana.&nbsp;<\/p>\n\n\n\n<p>Tambi\u00e9n se aprehende en calle Las Provincia y Auli a un masculino 19 a\u00f1os de edad quien ten\u00eda en su poder envoltorio de nylon conteniendo 3 gramos de sustancia simil&nbsp; marihuana.<\/p>\n\n\n\n<p>Adem\u00e1s se aprehende en calle 11 de Septiembre y Auli a un masculino de 24 a\u00f1os de edad quien ten\u00eda en su poder envoltorio de nylon conteniendo 2 gramos de sustancia simil&nbsp; marihuana.&nbsp;<\/p>\n\n\n\n<p>Aprehende en calle Manuel Iglesias y Auli masculino 23 a\u00f1os de edad quien ten\u00eda en su poder envoltorio de nylon conteniendo 3 gramos de sustancia simil&nbsp; marihuana.<\/p>\n\n\n\n<p>Por \u00faltimo en la madrugada de este domingo en el marco de operativo dispuesto por la superioridad policial, se aprehenden en diferentes puntos de la ciudad zona c\u00e9ntrica, a masculinos mayores de edad, quienes se encontraban en la v\u00eda p\u00fablica en estado de ebriedad ocasionando disturbios. Actuaciones con intervenci\u00f3n del Juzgado de Paz San Pedro.<br><\/p>\n","protected":false},"excerpt":{"rendered":"<p>El s\u00e1bado el personal policial aprehendi\u00f3 en calle Benefactora Sampedrina al 800 masculino menor de edad quien ten\u00eda en su poder envoltorio de nylon conteniendo 1 gramos de sustancia simil&nbsp; marihuana.&nbsp; Tambi\u00e9n se aprehende en calle Las Provincia y Auli a un masculino 19 a\u00f1os de edad quien ten\u00eda en su poder envoltorio de nylon [&hellip;]<\/p>\n","protected":false},"author":4,"featured_media":59729,"comment_status":"open","ping_status":"closed","sticky":false,"template":"","format":"standard","meta":{"om_disable_all_campaigns":false,"_jetpack_memberships_contains_paid_content":false,"footnotes":""},"categories":[2,103],"tags":[],"class_list":["post-60033","post","type-post","status-publish","format-standard","has-post-thumbnail","hentry","category-locales","category-policiales-locales"],"aioseo_notices":[],"gutentor_comment":0,"jetpack_featured_media_url":"https:\/\/eldiariodesanpedro.com.ar\/sitio\/wp-content\/uploads\/2019\/09\/Detenido-abuso-sexual-698x510.jpg","jetpack_shortlink":"https:\/\/wp.me\/p6RhLt-fCh","jetpack_sharing_enabled":true,"_links":{"self":[{"href":"https:\/\/eldiariodesanpedro.com.ar\/sitio\/wp-json\/wp\/v2\/posts\/60033","targetHints":{"allow":["GET"]}}],"collection":[{"href":"https:\/\/eldiariodesanpedro.com.ar\/sitio\/wp-json\/wp\/v2\/posts"}],"about":[{"href":"https:\/\/eldiariodesanpedro.com.ar\/sitio\/wp-json\/wp\/v2\/types\/post"}],"author":[{"embeddable":true,"href":"https:\/\/eldiariodesanpedro.com.ar\/sitio\/wp-json\/wp\/v2\/users\/4"}],"replies":[{"embeddable":true,"href":"https:\/\/eldiariodesanpedro.com.ar\/sitio\/wp-json\/wp\/v2\/comments?post=60033"}],"version-history":[{"count":1,"href":"https:\/\/eldiariodesanpedro.com.ar\/sitio\/wp-json\/wp\/v2\/posts\/60033\/revisions"}],"predecessor-version":[{"id":60034,"href":"https:\/\/eldiariodesanpedro.com.ar\/sitio\/wp-json\/wp\/v2\/posts\/60033\/revisions\/60034"}],"wp:featuredmedia":[{"embeddable":true,"href":"https:\/\/eldiariodesanpedro.com.ar\/sitio\/wp-json\/wp\/v2\/media\/59729"}],"wp:attachment":[{"href":"https:\/\/eldiariodesanpedro.com.ar\/sitio\/wp-json\/wp\/v2\/media?parent=60033"}],"wp:term":[{"taxonomy":"category","embeddable":true,"href":"https:\/\/eldiariodesanpedro.com.ar\/sitio\/wp-json\/wp\/v2\/categories?post=60033"},{"taxonomy":"post_tag","embeddable":true,"href":"https:\/\/eldiariodesanpedro.com.ar\/sitio\/wp-json\/wp\/v2\/tags?post=60033"}],"curies":[{"name":"wp","href":"https:\/\/api.w.org\/{rel}","templated":true}]}}