{"id":60027,"date":"2019-09-14T11:43:12","date_gmt":"2019-09-14T14:43:12","guid":{"rendered":"https:\/\/eldiariodesanpedro.com.ar\/sitio\/?p=60027"},"modified":"2019-09-14T11:43:17","modified_gmt":"2019-09-14T14:43:17","slug":"san-nicolas-acindar-reduce-turnos-a-trabajadores","status":"publish","type":"post","link":"https:\/\/eldiariodesanpedro.com.ar\/sitio\/san-nicolas-acindar-reduce-turnos-a-trabajadores\/","title":{"rendered":"SAN NICOLAS | ACINDAR reduce turnos a trabajadores"},"content":{"rendered":"<!-- VideographyWP Plugin Message: Automatic video embedding prevented by plugin options. -->\n\n<p>En la planta de Acindar de Villa Constituci\u00f3n crece la incertidumbre entre los trabajadores. La empresa sider\u00fargica en la que trabajan m\u00e1s de dos mil personas confirm\u00f3 una ca\u00edda en los turnos de acer\u00eda y trenes laminadores a partir de mediados de octubre, que seg\u00fan la firma, est\u00e1 dentro del convenio firmado con el gremio. <\/p>\n\n\n\n<p>Al mismo tiempo, desde la Uni\u00f3n Obrera Metal\u00fargica (UOM) indicaron que \u201cesto pone en riesgo la situaci\u00f3n de los contratados\u201d y que la ca\u00edda en los salarios ser\u00eda de \u201cocho mil pesos\u201d.<\/p>\n\n\n\n<p>La empresa argument\u00f3 que el principal motivo de esta medida es \u201cla baja de la demanda en el mercado argentino\u201d. Mediante un comunicado interno, la firma destaca que intentar\u00e1 \u201cregresar al mercado de exportaci\u00f3n en octubre para minimizar el impacto\u201d. Pero aclara que aun cuando se logre exportar \u201cm\u00e1s del 25%\u201d de la producci\u00f3n, \u201clos vol\u00famenes no ser\u00e1n suficientes para mantener el nivel de operaci\u00f3n actual\u201d.<\/p>\n\n\n\n<p>Acindar hoy se encuentra operando en un 60% de su utilidad. La mayor parte del acero que all\u00ed se produce se destina al mercado interno, que hoy se encuentra fuertemente retra\u00eddo. Por lo expuesto, Acindar asegura que se ve \u201cobligada\u201d a modificar el r\u00e9gimen de turnicidad de la planta de Villa Constituci\u00f3n, a partir de mediados de octubre de 2019. As\u00ed, el sector de acer\u00eda pasar\u00e1 a operar ambas l\u00edneas en 3 turnos, cuando actualmente lo hace en 4. Y en tren laminador 2 y tren laminador 3, la ca\u00edda es de 3 a 2 turnos.<br><\/p>\n\n\n\n<p>\u201cLa dif\u00edcil situaci\u00f3n que atraviesa nuestro pa\u00eds nos desaf\u00eda a resolver entre todos cualquier problema que se nos presente en los pr\u00f3ximos meses, evitando que la situaci\u00f3n de nuestra empresa se agrave a\u00fan m\u00e1s\u201d, establece el texto que se distribuy\u00f3 internamente en la planta y que tiene la firma del comit\u00e9 ejecutivo.<\/p>\n\n\n\n<p><strong>Contratados<\/strong><\/p>\n\n\n\n<p>El secretario general de la UOM seccional Villa Constituci\u00f3n, Pablo Gonz\u00e1lez, coment\u00f3 que \u201clos motivos que da la empresa son la ca\u00edda en las ventas del mercado interno y tambi\u00e9n que el Gobierno no quit\u00f3 el impuesto a la exportaci\u00f3n\u201d. Luego agreg\u00f3 que \u201cen realidad es un c\u00famulo de cosas que nos llev\u00f3 a esta situaci\u00f3n que tambi\u00e9n est\u00e1n viviendo otras industrias del sector\u201d.En cuanto a la posibilidad de que esta situaci\u00f3n se agrave y pueda llegar a suspensiones o despidos, Gonz\u00e1lez aclar\u00f3 que \u201cel acuerdo vigente que tenemos con la empresa nos da un paraguas importante\u201d. Sin embargo, el secretario general de la UOM alert\u00f3 que \u201cel problema m\u00e1s importante de esta medida es que al caer las turnicidades, vamos a perder muchos contratados\u201d. Y a\u00f1adi\u00f3: \u201cPor ejemplo, en el sector de Acer\u00eda tenemos 39 contratados y la empresa nos adelant\u00f3 que quedar\u00edan 9\u201d.En cuanto a la retracci\u00f3n en los sueldos de los trabajadores, el sindicalista estim\u00f3 que \u201cser\u00e1 de unos 8000 pesos al sacarse un turno\u201d. <\/p>\n","protected":false},"excerpt":{"rendered":"<p>En la planta de Acindar de Villa Constituci\u00f3n crece la incertidumbre entre los trabajadores. La empresa sider\u00fargica en la que trabajan m\u00e1s de dos mil personas confirm\u00f3 una ca\u00edda en los turnos de acer\u00eda y trenes laminadores a partir de mediados de octubre, que seg\u00fan la firma, est\u00e1 dentro del convenio firmado con el gremio. [&hellip;]<\/p>\n","protected":false},"author":4,"featured_media":60028,"comment_status":"open","ping_status":"closed","sticky":false,"template":"","format":"standard","meta":{"om_disable_all_campaigns":false,"_jetpack_memberships_contains_paid_content":false,"footnotes":""},"categories":[621],"tags":[],"class_list":["post-60027","post","type-post","status-publish","format-standard","has-post-thumbnail","hentry","category-regionales"],"aioseo_notices":[],"gutentor_comment":0,"jetpack_featured_media_url":"https:\/\/eldiariodesanpedro.com.ar\/sitio\/wp-content\/uploads\/2019\/09\/0-1-2.jpg","jetpack_shortlink":"https:\/\/wp.me\/p6RhLt-fCb","jetpack_sharing_enabled":true,"_links":{"self":[{"href":"https:\/\/eldiariodesanpedro.com.ar\/sitio\/wp-json\/wp\/v2\/posts\/60027","targetHints":{"allow":["GET"]}}],"collection":[{"href":"https:\/\/eldiariodesanpedro.com.ar\/sitio\/wp-json\/wp\/v2\/posts"}],"about":[{"href":"https:\/\/eldiariodesanpedro.com.ar\/sitio\/wp-json\/wp\/v2\/types\/post"}],"author":[{"embeddable":true,"href":"https:\/\/eldiariodesanpedro.com.ar\/sitio\/wp-json\/wp\/v2\/users\/4"}],"replies":[{"embeddable":true,"href":"https:\/\/eldiariodesanpedro.com.ar\/sitio\/wp-json\/wp\/v2\/comments?post=60027"}],"version-history":[{"count":1,"href":"https:\/\/eldiariodesanpedro.com.ar\/sitio\/wp-json\/wp\/v2\/posts\/60027\/revisions"}],"predecessor-version":[{"id":60029,"href":"https:\/\/eldiariodesanpedro.com.ar\/sitio\/wp-json\/wp\/v2\/posts\/60027\/revisions\/60029"}],"wp:featuredmedia":[{"embeddable":true,"href":"https:\/\/eldiariodesanpedro.com.ar\/sitio\/wp-json\/wp\/v2\/media\/60028"}],"wp:attachment":[{"href":"https:\/\/eldiariodesanpedro.com.ar\/sitio\/wp-json\/wp\/v2\/media?parent=60027"}],"wp:term":[{"taxonomy":"category","embeddable":true,"href":"https:\/\/eldiariodesanpedro.com.ar\/sitio\/wp-json\/wp\/v2\/categories?post=60027"},{"taxonomy":"post_tag","embeddable":true,"href":"https:\/\/eldiariodesanpedro.com.ar\/sitio\/wp-json\/wp\/v2\/tags?post=60027"}],"curies":[{"name":"wp","href":"https:\/\/api.w.org\/{rel}","templated":true}]}}