{"id":60024,"date":"2019-09-14T11:26:50","date_gmt":"2019-09-14T14:26:50","guid":{"rendered":"https:\/\/eldiariodesanpedro.com.ar\/sitio\/?p=60024"},"modified":"2019-09-14T11:26:54","modified_gmt":"2019-09-14T14:26:54","slug":"san-nicolas-este-lunes-abre-la-nueva-guardia-del-san-felipe","status":"publish","type":"post","link":"https:\/\/eldiariodesanpedro.com.ar\/sitio\/san-nicolas-este-lunes-abre-la-nueva-guardia-del-san-felipe\/","title":{"rendered":"SAN NICOLAS | Este lunes abre la nueva guardia del San Felipe"},"content":{"rendered":"<!-- VideographyWP Plugin Message: Automatic video embedding prevented by plugin options. -->\n\n<p> A partir de la ma\u00f1ana de este lunes se reabrir\u00e1 la guardia del Hospital San Felipe por calle Olleros 28. El espacio fue \u00edntegramente renovado y se ampli\u00f3 su capacidad de 200m2 a 840m2.<\/p>\n\n\n\n<p>Desde el lunes, los nicole\u00f1os encontrar\u00e1n una guardia totalmente renovada y mucho m\u00e1s amplia, con una sala de Shock Room independiente de la entrada general donde estar\u00e1n los pacientes, un \u00e1rea de observaci\u00f3n, sector de admisi\u00f3n, consultorios y salas de espera. <\/p>\n\n\n\n<p>Tambi\u00e9n habr\u00e1 un nuevo acceso para optimizar la llegada de las ambulancias. <\/p>\n\n\n\n<p>El hospital San Felipe fue construido en 1874 y es considerado uno de los centros m\u00e1s importantes de la regi\u00f3n. <\/p>\n\n\n\n<p>Antiguamente la guardia funcionaba por calle Moreno, y en 1989, el entonces director del Hospital, Ismael Passaglia, decidi\u00f3 mudarla a calle Olleros. Desde entonces, no se hab\u00eda hecho otra obra en el lugar.<br><\/p>\n\n\n\n<p>Para el Intendente Manuel Passaglia esta es una de las obras m\u00e1s importantes de los \u00faltimos tiempos. \u201cHasta el a\u00f1o pasado, la guardia estaba igual que cuando yo era chico y lo iba a visitar a mi pap\u00e1 al Hospital, hasta ten\u00eda los mismo bancos\u201d, comenta. Passaglia agreg\u00f3: \u201cCuando inauguramos el a\u00f1o pasado el Hospital Zona Norte, mucha gente me dec\u00eda contento que era la obra m\u00e1s importante que hab\u00edamos hecho, porque significaba un salto de calidad para la atenci\u00f3n m\u00e9dica en la ciudad. <\/p>\n\n\n\n<p>Hoy puedo decir que esta obra es igual de importante, porque va a traer numerosos beneficios a quienes m\u00e1s lo necesitan, que son todos los nicole\u00f1os que tienen un problema de salud.<\/p>\n\n\n\n<p> Porque todos, lo hayamos usado o no, sabemos la importancia de tener cerca un lugar donde nos cuidan, donde nos atienden cuando est\u00e1 en juego el bien m\u00e1s preciado que todos tenemos, que es la salud\u201d.<br><\/p>\n\n\n\n<p>De acuerdo a las cifras oficiales, en la guardia del Hospital San Felipe se atienden aproximadamente 250 personas por d\u00eda, un total de 90.000 personas cada a\u00f1o. La mitad de ellos, son ni\u00f1os. <\/p>\n\n\n\n<p>Fuente: Diario El Norte<\/p>\n","protected":false},"excerpt":{"rendered":"<p>A partir de la ma\u00f1ana de este lunes se reabrir\u00e1 la guardia del Hospital San Felipe por calle Olleros 28. El espacio fue \u00edntegramente renovado y se ampli\u00f3 su capacidad de 200m2 a 840m2. Desde el lunes, los nicole\u00f1os encontrar\u00e1n una guardia totalmente renovada y mucho m\u00e1s amplia, con una sala de Shock Room independiente [&hellip;]<\/p>\n","protected":false},"author":4,"featured_media":60025,"comment_status":"open","ping_status":"closed","sticky":false,"template":"","format":"standard","meta":{"om_disable_all_campaigns":false,"_jetpack_memberships_contains_paid_content":false,"footnotes":""},"categories":[621],"tags":[],"class_list":["post-60024","post","type-post","status-publish","format-standard","has-post-thumbnail","hentry","category-regionales"],"aioseo_notices":[],"gutentor_comment":0,"jetpack_featured_media_url":"https:\/\/eldiariodesanpedro.com.ar\/sitio\/wp-content\/uploads\/2019\/09\/0-7.jpg","jetpack_shortlink":"https:\/\/wp.me\/p6RhLt-fC8","jetpack_sharing_enabled":true,"_links":{"self":[{"href":"https:\/\/eldiariodesanpedro.com.ar\/sitio\/wp-json\/wp\/v2\/posts\/60024","targetHints":{"allow":["GET"]}}],"collection":[{"href":"https:\/\/eldiariodesanpedro.com.ar\/sitio\/wp-json\/wp\/v2\/posts"}],"about":[{"href":"https:\/\/eldiariodesanpedro.com.ar\/sitio\/wp-json\/wp\/v2\/types\/post"}],"author":[{"embeddable":true,"href":"https:\/\/eldiariodesanpedro.com.ar\/sitio\/wp-json\/wp\/v2\/users\/4"}],"replies":[{"embeddable":true,"href":"https:\/\/eldiariodesanpedro.com.ar\/sitio\/wp-json\/wp\/v2\/comments?post=60024"}],"version-history":[{"count":1,"href":"https:\/\/eldiariodesanpedro.com.ar\/sitio\/wp-json\/wp\/v2\/posts\/60024\/revisions"}],"predecessor-version":[{"id":60026,"href":"https:\/\/eldiariodesanpedro.com.ar\/sitio\/wp-json\/wp\/v2\/posts\/60024\/revisions\/60026"}],"wp:featuredmedia":[{"embeddable":true,"href":"https:\/\/eldiariodesanpedro.com.ar\/sitio\/wp-json\/wp\/v2\/media\/60025"}],"wp:attachment":[{"href":"https:\/\/eldiariodesanpedro.com.ar\/sitio\/wp-json\/wp\/v2\/media?parent=60024"}],"wp:term":[{"taxonomy":"category","embeddable":true,"href":"https:\/\/eldiariodesanpedro.com.ar\/sitio\/wp-json\/wp\/v2\/categories?post=60024"},{"taxonomy":"post_tag","embeddable":true,"href":"https:\/\/eldiariodesanpedro.com.ar\/sitio\/wp-json\/wp\/v2\/tags?post=60024"}],"curies":[{"name":"wp","href":"https:\/\/api.w.org\/{rel}","templated":true}]}}