{"id":60021,"date":"2019-09-14T11:18:37","date_gmt":"2019-09-14T14:18:37","guid":{"rendered":"https:\/\/eldiariodesanpedro.com.ar\/sitio\/?p=60021"},"modified":"2019-09-14T11:18:41","modified_gmt":"2019-09-14T14:18:41","slug":"campana-abandono-a-su-companero-tras-sufrir-un-accidente-en-la-av-rocca","status":"publish","type":"post","link":"https:\/\/eldiariodesanpedro.com.ar\/sitio\/campana-abandono-a-su-companero-tras-sufrir-un-accidente-en-la-av-rocca\/","title":{"rendered":"CAMPANA | Abandon\u00f3 a su compa\u00f1ero tras sufrir un accidente en la Av. Rocca"},"content":{"rendered":"<!-- VideographyWP Plugin Message: Automatic video embedding prevented by plugin options. -->\n\n<p> Al parecer, una moto con dos sujetos a bordo colision\u00f3 con un auto en la esquina de Becerra. Uno de los motociclistas retir\u00f3 el veh\u00edculo y dej\u00f3 a su compa\u00f1ero tendido en el lugar, a la espera de una ambulancia del Same.<\/p>\n\n\n\n<p>\n\nUn accidente menor dej\u00f3 el saldo de un herido en la esquina de avenida Rocca y Becerra.<\/p>\n\n\n\n<p>All\u00ed, y seg\u00fan se\u00f1alaron testigos ocasionales, dos sujetos a bordo de una moto Honda Tornado habr\u00edan intentado adelantarse a un auto por la derecha, cuando \u00e9ste intent\u00f3 doblar, produci\u00e9ndose el impacto.<\/p>\n\n\n\n<p>Los da\u00f1os fueron leves, solo un espejo roto en el mayor veh\u00edculo. Pero los motociclistas terminaron cayendo, sufriendo golpes varios.<\/p>\n\n\n\n<p>Sin embargo, lo m\u00e1s peculiar vino despu\u00e9s. El conductor de la moto se puso de pie, y se march\u00f3 dejando a su compa\u00f1ero tendido en el lugar.<\/p>\n\n\n\n<p>Acompa\u00f1ado por algunos ocasionales, aguard\u00f3 un largo rato la llegada de una ambulancia, ya que se encontraba prestando otro servicio. Fue derivado al hospital local. <\/p>\n\n\n\n<p>Fuente: Campana Noticias<\/p>\n\n\n\n<p><br><\/p>\n","protected":false},"excerpt":{"rendered":"<p>Al parecer, una moto con dos sujetos a bordo colision\u00f3 con un auto en la esquina de Becerra. Uno de los motociclistas retir\u00f3 el veh\u00edculo y dej\u00f3 a su compa\u00f1ero tendido en el lugar, a la espera de una ambulancia del Same. Un accidente menor dej\u00f3 el saldo de un herido en la esquina de [&hellip;]<\/p>\n","protected":false},"author":4,"featured_media":60022,"comment_status":"open","ping_status":"closed","sticky":false,"template":"","format":"standard","meta":{"om_disable_all_campaigns":false,"_jetpack_memberships_contains_paid_content":false,"footnotes":""},"categories":[621],"tags":[],"class_list":["post-60021","post","type-post","status-publish","format-standard","has-post-thumbnail","hentry","category-regionales"],"aioseo_notices":[],"gutentor_comment":0,"jetpack_featured_media_url":"https:\/\/eldiariodesanpedro.com.ar\/sitio\/wp-content\/uploads\/2019\/09\/20190914103705.jpg","jetpack_shortlink":"https:\/\/wp.me\/p6RhLt-fC5","jetpack_sharing_enabled":true,"_links":{"self":[{"href":"https:\/\/eldiariodesanpedro.com.ar\/sitio\/wp-json\/wp\/v2\/posts\/60021","targetHints":{"allow":["GET"]}}],"collection":[{"href":"https:\/\/eldiariodesanpedro.com.ar\/sitio\/wp-json\/wp\/v2\/posts"}],"about":[{"href":"https:\/\/eldiariodesanpedro.com.ar\/sitio\/wp-json\/wp\/v2\/types\/post"}],"author":[{"embeddable":true,"href":"https:\/\/eldiariodesanpedro.com.ar\/sitio\/wp-json\/wp\/v2\/users\/4"}],"replies":[{"embeddable":true,"href":"https:\/\/eldiariodesanpedro.com.ar\/sitio\/wp-json\/wp\/v2\/comments?post=60021"}],"version-history":[{"count":1,"href":"https:\/\/eldiariodesanpedro.com.ar\/sitio\/wp-json\/wp\/v2\/posts\/60021\/revisions"}],"predecessor-version":[{"id":60023,"href":"https:\/\/eldiariodesanpedro.com.ar\/sitio\/wp-json\/wp\/v2\/posts\/60021\/revisions\/60023"}],"wp:featuredmedia":[{"embeddable":true,"href":"https:\/\/eldiariodesanpedro.com.ar\/sitio\/wp-json\/wp\/v2\/media\/60022"}],"wp:attachment":[{"href":"https:\/\/eldiariodesanpedro.com.ar\/sitio\/wp-json\/wp\/v2\/media?parent=60021"}],"wp:term":[{"taxonomy":"category","embeddable":true,"href":"https:\/\/eldiariodesanpedro.com.ar\/sitio\/wp-json\/wp\/v2\/categories?post=60021"},{"taxonomy":"post_tag","embeddable":true,"href":"https:\/\/eldiariodesanpedro.com.ar\/sitio\/wp-json\/wp\/v2\/tags?post=60021"}],"curies":[{"name":"wp","href":"https:\/\/api.w.org\/{rel}","templated":true}]}}