{"id":60019,"date":"2019-09-14T11:11:54","date_gmt":"2019-09-14T14:11:54","guid":{"rendered":"https:\/\/eldiariodesanpedro.com.ar\/sitio\/?p=60019"},"modified":"2019-09-14T11:11:59","modified_gmt":"2019-09-14T14:11:59","slug":"agredio-a-su-ex-pareja-y-le-robo-el-celular","status":"publish","type":"post","link":"https:\/\/eldiariodesanpedro.com.ar\/sitio\/agredio-a-su-ex-pareja-y-le-robo-el-celular\/","title":{"rendered":"Agredi\u00f3 a su ex pareja y le robo el celular"},"content":{"rendered":"<!-- VideographyWP Plugin Message: Automatic video embedding prevented by plugin options. -->\n\n<p>Tras r\u00e1pido accionar policial se logra aprehender al agresor que agred\u00eda y amenazaba de muerte a su ex pareja femenina, ademas le sustrajo el celular y pertenencias que fueron recuperadas.<\/p>\n\n\n\n<p>El hecho se produjo este viernes sobre calle San Mart\u00edn entre Padre Santana y Thornes, cuando personal policial es alertado por un llamado al 911 y tras r\u00e1pido accionar acuden al lugar logrando reducir al agresor.<\/p>\n\n\n\n<p>Se trata de un masculino de 27 a\u00f1os de edad quien se encontraba amenazando y agrediendo a su ex pareja.<\/p>\n\n\n\n<p>Ademas al momento de su aprehensi\u00f3n se constata que pose\u00eda celular y pertenencias personales de la victima que le hab\u00eda sustra\u00eddo.<\/p>\n\n\n\n<p>Fue alojado en la Comisaria y puesto a disposici\u00f3n de la fiscalia en turno, la victima asistida en la Comisaria de la Mujer y Familia, sin lesiones.<\/p>\n","protected":false},"excerpt":{"rendered":"<p>Tras r\u00e1pido accionar policial se logra aprehender al agresor que agred\u00eda y amenazaba de muerte a su ex pareja femenina, ademas le sustrajo el celular y pertenencias que fueron recuperadas. El hecho se produjo este viernes sobre calle San Mart\u00edn entre Padre Santana y Thornes, cuando personal policial es alertado por un llamado al 911 [&hellip;]<\/p>\n","protected":false},"author":4,"featured_media":38083,"comment_status":"open","ping_status":"closed","sticky":false,"template":"","format":"standard","meta":{"om_disable_all_campaigns":false,"_jetpack_memberships_contains_paid_content":false,"footnotes":""},"categories":[2,103],"tags":[],"class_list":["post-60019","post","type-post","status-publish","format-standard","has-post-thumbnail","hentry","category-locales","category-policiales-locales"],"aioseo_notices":[],"gutentor_comment":0,"jetpack_featured_media_url":"https:\/\/eldiariodesanpedro.com.ar\/sitio\/wp-content\/uploads\/2018\/08\/violencia-familiar.jpg","jetpack_shortlink":"https:\/\/wp.me\/p6RhLt-fC3","jetpack_sharing_enabled":true,"_links":{"self":[{"href":"https:\/\/eldiariodesanpedro.com.ar\/sitio\/wp-json\/wp\/v2\/posts\/60019","targetHints":{"allow":["GET"]}}],"collection":[{"href":"https:\/\/eldiariodesanpedro.com.ar\/sitio\/wp-json\/wp\/v2\/posts"}],"about":[{"href":"https:\/\/eldiariodesanpedro.com.ar\/sitio\/wp-json\/wp\/v2\/types\/post"}],"author":[{"embeddable":true,"href":"https:\/\/eldiariodesanpedro.com.ar\/sitio\/wp-json\/wp\/v2\/users\/4"}],"replies":[{"embeddable":true,"href":"https:\/\/eldiariodesanpedro.com.ar\/sitio\/wp-json\/wp\/v2\/comments?post=60019"}],"version-history":[{"count":1,"href":"https:\/\/eldiariodesanpedro.com.ar\/sitio\/wp-json\/wp\/v2\/posts\/60019\/revisions"}],"predecessor-version":[{"id":60020,"href":"https:\/\/eldiariodesanpedro.com.ar\/sitio\/wp-json\/wp\/v2\/posts\/60019\/revisions\/60020"}],"wp:featuredmedia":[{"embeddable":true,"href":"https:\/\/eldiariodesanpedro.com.ar\/sitio\/wp-json\/wp\/v2\/media\/38083"}],"wp:attachment":[{"href":"https:\/\/eldiariodesanpedro.com.ar\/sitio\/wp-json\/wp\/v2\/media?parent=60019"}],"wp:term":[{"taxonomy":"category","embeddable":true,"href":"https:\/\/eldiariodesanpedro.com.ar\/sitio\/wp-json\/wp\/v2\/categories?post=60019"},{"taxonomy":"post_tag","embeddable":true,"href":"https:\/\/eldiariodesanpedro.com.ar\/sitio\/wp-json\/wp\/v2\/tags?post=60019"}],"curies":[{"name":"wp","href":"https:\/\/api.w.org\/{rel}","templated":true}]}}