{"id":60013,"date":"2019-09-14T10:49:08","date_gmt":"2019-09-14T13:49:08","guid":{"rendered":"https:\/\/eldiariodesanpedro.com.ar\/sitio\/?p=60013"},"modified":"2019-09-14T10:49:12","modified_gmt":"2019-09-14T13:49:12","slug":"fueron-denunciados-varios-hechos-de-arrebato","status":"publish","type":"post","link":"https:\/\/eldiariodesanpedro.com.ar\/sitio\/fueron-denunciados-varios-hechos-de-arrebato\/","title":{"rendered":"Fueron denunciados varios hechos de arrebato"},"content":{"rendered":"<!-- VideographyWP Plugin Message: Automatic video embedding prevented by plugin options. -->\n\n<p>Este viernes fueron denunciados varios hechos delictivos de modalidad arrebato. No hubo victimas lesionadas. Los delincuentes no fueron aprehendidos hasta el momento.<\/p>\n\n\n\n<p>Uno de los hechos radicados en la comisaria local fue el de una ciudadana de 24 a\u00f1os de edad, quien se dirig\u00eda caminando por calle Belgrano y es sorprendida por dos delincuentes que circulaban en una motocicleta 110 cc de color gris, los mismos descienden de ella logrando sustraerle una mochila.<\/p>\n\n\n\n<p>Tambi\u00e9n un masculino de 42, denuncio encontr\u00e1ndose en horario de trabajo, finalizando viaje en  mensajer\u00eda sobre calle Ruffa cuando se acercan tres delincuentes quienes le arrebatan sus pertenencias.<\/p>\n\n\n\n<p>Intervino en los hechos la fiscalia del Dr Manso.<\/p>\n\n\n\n<p><br><\/p>\n","protected":false},"excerpt":{"rendered":"<p>Este viernes fueron denunciados varios hechos delictivos de modalidad arrebato. No hubo victimas lesionadas. Los delincuentes no fueron aprehendidos hasta el momento. Uno de los hechos radicados en la comisaria local fue el de una ciudadana de 24 a\u00f1os de edad, quien se dirig\u00eda caminando por calle Belgrano y es sorprendida por dos delincuentes que [&hellip;]<\/p>\n","protected":false},"author":4,"featured_media":60014,"comment_status":"open","ping_status":"closed","sticky":false,"template":"","format":"standard","meta":{"om_disable_all_campaigns":false,"_jetpack_memberships_contains_paid_content":false,"footnotes":""},"categories":[2,103],"tags":[],"class_list":["post-60013","post","type-post","status-publish","format-standard","has-post-thumbnail","hentry","category-locales","category-policiales-locales"],"aioseo_notices":[],"gutentor_comment":0,"jetpack_featured_media_url":"https:\/\/eldiariodesanpedro.com.ar\/sitio\/wp-content\/uploads\/2019\/09\/147410.jpg","jetpack_shortlink":"https:\/\/wp.me\/p6RhLt-fBX","jetpack_sharing_enabled":true,"_links":{"self":[{"href":"https:\/\/eldiariodesanpedro.com.ar\/sitio\/wp-json\/wp\/v2\/posts\/60013","targetHints":{"allow":["GET"]}}],"collection":[{"href":"https:\/\/eldiariodesanpedro.com.ar\/sitio\/wp-json\/wp\/v2\/posts"}],"about":[{"href":"https:\/\/eldiariodesanpedro.com.ar\/sitio\/wp-json\/wp\/v2\/types\/post"}],"author":[{"embeddable":true,"href":"https:\/\/eldiariodesanpedro.com.ar\/sitio\/wp-json\/wp\/v2\/users\/4"}],"replies":[{"embeddable":true,"href":"https:\/\/eldiariodesanpedro.com.ar\/sitio\/wp-json\/wp\/v2\/comments?post=60013"}],"version-history":[{"count":1,"href":"https:\/\/eldiariodesanpedro.com.ar\/sitio\/wp-json\/wp\/v2\/posts\/60013\/revisions"}],"predecessor-version":[{"id":60015,"href":"https:\/\/eldiariodesanpedro.com.ar\/sitio\/wp-json\/wp\/v2\/posts\/60013\/revisions\/60015"}],"wp:featuredmedia":[{"embeddable":true,"href":"https:\/\/eldiariodesanpedro.com.ar\/sitio\/wp-json\/wp\/v2\/media\/60014"}],"wp:attachment":[{"href":"https:\/\/eldiariodesanpedro.com.ar\/sitio\/wp-json\/wp\/v2\/media?parent=60013"}],"wp:term":[{"taxonomy":"category","embeddable":true,"href":"https:\/\/eldiariodesanpedro.com.ar\/sitio\/wp-json\/wp\/v2\/categories?post=60013"},{"taxonomy":"post_tag","embeddable":true,"href":"https:\/\/eldiariodesanpedro.com.ar\/sitio\/wp-json\/wp\/v2\/tags?post=60013"}],"curies":[{"name":"wp","href":"https:\/\/api.w.org\/{rel}","templated":true}]}}