{"id":60008,"date":"2019-09-14T10:31:54","date_gmt":"2019-09-14T13:31:54","guid":{"rendered":"https:\/\/eldiariodesanpedro.com.ar\/sitio\/?p=60008"},"modified":"2019-09-14T10:31:58","modified_gmt":"2019-09-14T13:31:58","slug":"baradero-mano-arriba-la-banda-de-cumbia-pop-cantara-en-la-fiesta-de-la-primavera-2019","status":"publish","type":"post","link":"https:\/\/eldiariodesanpedro.com.ar\/sitio\/baradero-mano-arriba-la-banda-de-cumbia-pop-cantara-en-la-fiesta-de-la-primavera-2019\/","title":{"rendered":"BARADERO | Mano Arriba, la banda de Cumbia Pop, cantar\u00e1 en la Fiesta de la Primavera 2019"},"content":{"rendered":"<!-- VideographyWP Plugin Message: Automatic video embedding prevented by plugin options. -->\n\n<p>Ser\u00e1 la banda musical que protagonizar\u00e1 la noche del viernes 20 de septiembre en el marco de la primera noche de la Fiesta de la Primavera 2019, en donde se estar\u00e1 eligiendo a la nueva Reina. <\/p>\n\n\n\n<p>El conjunto art\u00edstico estar\u00e1 en el escenario cantando todos su hits musicales desde las 21 hs, en la esquina de Av. San Mart\u00edn y Rodr\u00edguez.<\/p>\n\n\n\n<p> <em>Mano Arriba es una banda de cumbia pop, proveniente de Uruguay. Formados en 2014, Natalia Ferrero en voz, Mariano Monta\u00f1o en guitarra, Mart\u00edn Introini en bajo, Fede Rabaquino en percusi\u00f3n y \u00c1lvaro Rabaquino en teclados, fusionan la cumbia, el pop y la m\u00fasica electr\u00f3nica. La primera canci\u00f3n que grabaron fue una versi\u00f3n de \u201cWake Me Up\u201d, que llam\u00f3 la atenci\u00f3n en las redes sociales.<\/em><br><em>En julio de 2015 editan su primer sencillo original: \u201cHicimos Un Pacto\u201d. Luego llegan \u201cAdm\u00edtelo\u201d y \u201cLl\u00e1mame M\u00e1s Temprano\u201d.\u00a0<\/em><br><em>En 2016 lanzan \u201cLa Noche No Es Para Dormir\u201d y \u201cEl Equivocado\u201d.<\/em><br><em>El 16 de junio de 2017 estrenan \u201cLo Que Pasa En la Noche\u201d. El 22 de diciembre lanzan otro hit: \u201cEl Verano Es de los Solteros\u201d.<\/em> <\/p>\n\n\n\n<p>Fuente: Baradero Hoy<br><\/p>\n\n\n\n<figure class=\"wp-block-image\"><img decoding=\"async\" width=\"650\" height=\"905\" data-attachment-id=\"60009\" data-permalink=\"https:\/\/eldiariodesanpedro.com.ar\/sitio\/baradero-mano-arriba-la-banda-de-cumbia-pop-cantara-en-la-fiesta-de-la-primavera-2019\/71007377_2120267548283011_6040018297980715008_n\/\" data-orig-file=\"https:\/\/eldiariodesanpedro.com.ar\/sitio\/wp-content\/uploads\/2019\/09\/71007377_2120267548283011_6040018297980715008_n.jpg\" data-orig-size=\"650,905\" data-comments-opened=\"1\" data-image-meta=\"{&quot;aperture&quot;:&quot;0&quot;,&quot;credit&quot;:&quot;&quot;,&quot;camera&quot;:&quot;&quot;,&quot;caption&quot;:&quot;&quot;,&quot;created_timestamp&quot;:&quot;0&quot;,&quot;copyright&quot;:&quot;&quot;,&quot;focal_length&quot;:&quot;0&quot;,&quot;iso&quot;:&quot;0&quot;,&quot;shutter_speed&quot;:&quot;0&quot;,&quot;title&quot;:&quot;&quot;,&quot;orientation&quot;:&quot;0&quot;}\" data-image-title=\"71007377_2120267548283011_6040018297980715008_n\" data-image-description=\"\" data-image-caption=\"\" data-large-file=\"https:\/\/eldiariodesanpedro.com.ar\/sitio\/wp-content\/uploads\/2019\/09\/71007377_2120267548283011_6040018297980715008_n.jpg\" data-src=\"https:\/\/eldiariodesanpedro.com.ar\/sitio\/wp-content\/uploads\/2019\/09\/71007377_2120267548283011_6040018297980715008_n.jpg\" alt=\"\" class=\"wp-image-60009 lazyload\" data-srcset=\"https:\/\/eldiariodesanpedro.com.ar\/sitio\/wp-content\/uploads\/2019\/09\/71007377_2120267548283011_6040018297980715008_n.jpg 650w, https:\/\/eldiariodesanpedro.com.ar\/sitio\/wp-content\/uploads\/2019\/09\/71007377_2120267548283011_6040018297980715008_n-215x300.jpg 215w\" data-sizes=\"(max-width: 650px) 100vw, 650px\" src=\"data:image\/svg+xml;base64,PHN2ZyB3aWR0aD0iMSIgaGVpZ2h0PSIxIiB4bWxucz0iaHR0cDovL3d3dy53My5vcmcvMjAwMC9zdmciPjwvc3ZnPg==\" style=\"--smush-placeholder-width: 650px; --smush-placeholder-aspect-ratio: 650\/905;\" \/><\/figure>\n","protected":false},"excerpt":{"rendered":"<p>Ser\u00e1 la banda musical que protagonizar\u00e1 la noche del viernes 20 de septiembre en el marco de la primera noche de la Fiesta de la Primavera 2019, en donde se estar\u00e1 eligiendo a la nueva Reina. El conjunto art\u00edstico estar\u00e1 en el escenario cantando todos su hits musicales desde las 21 hs, en la esquina [&hellip;]<\/p>\n","protected":false},"author":4,"featured_media":60010,"comment_status":"open","ping_status":"closed","sticky":false,"template":"","format":"standard","meta":{"om_disable_all_campaigns":false,"_jetpack_memberships_contains_paid_content":false,"footnotes":""},"categories":[621],"tags":[],"class_list":["post-60008","post","type-post","status-publish","format-standard","has-post-thumbnail","hentry","category-regionales"],"aioseo_notices":[],"gutentor_comment":0,"jetpack_featured_media_url":"https:\/\/eldiariodesanpedro.com.ar\/sitio\/wp-content\/uploads\/2019\/09\/Mano-Arriba.jpg","jetpack_shortlink":"https:\/\/wp.me\/p6RhLt-fBS","jetpack_sharing_enabled":true,"_links":{"self":[{"href":"https:\/\/eldiariodesanpedro.com.ar\/sitio\/wp-json\/wp\/v2\/posts\/60008","targetHints":{"allow":["GET"]}}],"collection":[{"href":"https:\/\/eldiariodesanpedro.com.ar\/sitio\/wp-json\/wp\/v2\/posts"}],"about":[{"href":"https:\/\/eldiariodesanpedro.com.ar\/sitio\/wp-json\/wp\/v2\/types\/post"}],"author":[{"embeddable":true,"href":"https:\/\/eldiariodesanpedro.com.ar\/sitio\/wp-json\/wp\/v2\/users\/4"}],"replies":[{"embeddable":true,"href":"https:\/\/eldiariodesanpedro.com.ar\/sitio\/wp-json\/wp\/v2\/comments?post=60008"}],"version-history":[{"count":1,"href":"https:\/\/eldiariodesanpedro.com.ar\/sitio\/wp-json\/wp\/v2\/posts\/60008\/revisions"}],"predecessor-version":[{"id":60011,"href":"https:\/\/eldiariodesanpedro.com.ar\/sitio\/wp-json\/wp\/v2\/posts\/60008\/revisions\/60011"}],"wp:featuredmedia":[{"embeddable":true,"href":"https:\/\/eldiariodesanpedro.com.ar\/sitio\/wp-json\/wp\/v2\/media\/60010"}],"wp:attachment":[{"href":"https:\/\/eldiariodesanpedro.com.ar\/sitio\/wp-json\/wp\/v2\/media?parent=60008"}],"wp:term":[{"taxonomy":"category","embeddable":true,"href":"https:\/\/eldiariodesanpedro.com.ar\/sitio\/wp-json\/wp\/v2\/categories?post=60008"},{"taxonomy":"post_tag","embeddable":true,"href":"https:\/\/eldiariodesanpedro.com.ar\/sitio\/wp-json\/wp\/v2\/tags?post=60008"}],"curies":[{"name":"wp","href":"https:\/\/api.w.org\/{rel}","templated":true}]}}