{"id":60002,"date":"2019-09-14T10:04:48","date_gmt":"2019-09-14T13:04:48","guid":{"rendered":"https:\/\/eldiariodesanpedro.com.ar\/sitio\/?p=60002"},"modified":"2019-09-14T10:04:52","modified_gmt":"2019-09-14T13:04:52","slug":"conciencia-ecologica-puntos-verdes-activos","status":"publish","type":"post","link":"https:\/\/eldiariodesanpedro.com.ar\/sitio\/conciencia-ecologica-puntos-verdes-activos\/","title":{"rendered":"Conciencia Ecol\u00f3gica: Puntos verdes activos"},"content":{"rendered":"<!-- VideographyWP Plugin Message: Automatic video embedding prevented by plugin options. -->\n\n<p>Estos puntos verdes son el resultado de la voluntad de una comunidad que apuesta por el reciclaje, como un camino imprescindible para mitigar el da\u00f1o ambiental y para promover fuentes de trabajo.<\/p>\n\n\n\n<p>Los materiales son recolectados por personal de la municipalidad y entregados en mano a los recuperadores del hist\u00f3rico basural, barrio La tosquera.<\/p>\n\n\n\n<p>Qu\u00e9 se recibe:<br>&#x267b;&#xfe0f;&nbsp;PL\u00c1STICO<br>&#x267b;&#xfe0f;&nbsp;METAL<br>&#x267b;&#xfe0f;&nbsp;CART\u00d3N<br>Debe disponerse embolsado para preservarlo ya que estar\u00e1 a la intemperie hasta el traslado.<br>&#x267b;&#xfe0f;&nbsp;VIDRIO<br>Debe disponerse dentro de cajas de cart\u00f3n.<\/p>\n\n\n\n<p>&#x2705;&nbsp;Limpios y Secos&nbsp;&#x2705;<\/p>\n\n\n\n<p>Sabemos que todav\u00eda queda mucho por hacer y que solos no podremos logralo. <\/p>\n\n\n\n<p>Esperamos que se lleve adelante el proyecto de ordenanza de Puntos Verdes, enmarcado en la Ordenanza N6004\/12 de Basura Cero y que sea apoyado por todas las fuerzas pol\u00edticas.<\/p>\n\n\n\n<p>Los contenedores son una idea original de @concienciaecologica.ar<br>Nos acompa\u00f1amos con @arcor en la econom\u00eda circular, reubicando residuos \u00fatiles.<\/p>\n\n\n\n<p><a href=\"https:\/\/www.facebook.com\/hashtag\/ambiente?epa=HASHTAG\">#ambiente<\/a><a href=\"https:\/\/www.facebook.com\/hashtag\/reciclaje?epa=HASHTAG\">#reciclaje<\/a><a href=\"https:\/\/www.facebook.com\/hashtag\/reducirelconsumo?epa=HASHTAG\">#reducirelconsumo<\/a><a href=\"https:\/\/www.facebook.com\/hashtag\/reciclar?epa=HASHTAG\">#reciclar<\/a><a href=\"https:\/\/www.facebook.com\/hashtag\/compostar?epa=HASHTAG\">#compostar<\/a><a href=\"https:\/\/www.facebook.com\/hashtag\/responsabilidadsocialempresaria?epa=HASHTAG\">#responsabilidadsocialempresaria<\/a><a href=\"https:\/\/www.facebook.com\/hashtag\/residuos?epa=HASHTAG\">#residuos<\/a><a href=\"https:\/\/www.facebook.com\/hashtag\/residuossolidosurbanos?epa=HASHTAG\">#residuossolidosurbanos<\/a><a href=\"https:\/\/www.facebook.com\/hashtag\/socioambiental?epa=HASHTAG\">#socioambiental<\/a><a href=\"https:\/\/www.facebook.com\/hashtag\/ambienteyresiduos?epa=HASHTAG\">#ambienteyresiduos<\/a><a href=\"https:\/\/www.facebook.com\/hashtag\/ambienteysalud?epa=HASHTAG\">#ambienteysalud<\/a><a href=\"https:\/\/www.facebook.com\/hashtag\/ambienteyproduccion?epa=HASHTAG\">#ambienteyproduccion<\/a><a href=\"https:\/\/www.facebook.com\/hashtag\/ambienteyturismo?epa=HASHTAG\">#ambienteyturismo<\/a><a href=\"https:\/\/www.facebook.com\/hashtag\/ambienteycultura?epa=HASHTAG\">#ambienteycultura<\/a><\/p>\n\n\n\n<figure class=\"wp-block-image\"><img decoding=\"async\" width=\"960\" height=\"654\" data-attachment-id=\"60003\" data-permalink=\"https:\/\/eldiariodesanpedro.com.ar\/sitio\/conciencia-ecologica-puntos-verdes-activos\/70126667_1153838801473385_1901567336893120512_n\/\" data-orig-file=\"https:\/\/eldiariodesanpedro.com.ar\/sitio\/wp-content\/uploads\/2019\/09\/70126667_1153838801473385_1901567336893120512_n.jpg\" data-orig-size=\"960,654\" data-comments-opened=\"1\" data-image-meta=\"{&quot;aperture&quot;:&quot;0&quot;,&quot;credit&quot;:&quot;&quot;,&quot;camera&quot;:&quot;&quot;,&quot;caption&quot;:&quot;&quot;,&quot;created_timestamp&quot;:&quot;0&quot;,&quot;copyright&quot;:&quot;&quot;,&quot;focal_length&quot;:&quot;0&quot;,&quot;iso&quot;:&quot;0&quot;,&quot;shutter_speed&quot;:&quot;0&quot;,&quot;title&quot;:&quot;&quot;,&quot;orientation&quot;:&quot;0&quot;}\" data-image-title=\"70126667_1153838801473385_1901567336893120512_n\" data-image-description=\"\" data-image-caption=\"\" data-large-file=\"https:\/\/eldiariodesanpedro.com.ar\/sitio\/wp-content\/uploads\/2019\/09\/70126667_1153838801473385_1901567336893120512_n.jpg\" data-src=\"https:\/\/eldiariodesanpedro.com.ar\/sitio\/wp-content\/uploads\/2019\/09\/70126667_1153838801473385_1901567336893120512_n.jpg\" alt=\"\" class=\"wp-image-60003 lazyload\" data-srcset=\"https:\/\/eldiariodesanpedro.com.ar\/sitio\/wp-content\/uploads\/2019\/09\/70126667_1153838801473385_1901567336893120512_n.jpg 960w, https:\/\/eldiariodesanpedro.com.ar\/sitio\/wp-content\/uploads\/2019\/09\/70126667_1153838801473385_1901567336893120512_n-300x204.jpg 300w, https:\/\/eldiariodesanpedro.com.ar\/sitio\/wp-content\/uploads\/2019\/09\/70126667_1153838801473385_1901567336893120512_n-768x523.jpg 768w, https:\/\/eldiariodesanpedro.com.ar\/sitio\/wp-content\/uploads\/2019\/09\/70126667_1153838801473385_1901567336893120512_n-130x90.jpg 130w\" data-sizes=\"(max-width: 960px) 100vw, 960px\" src=\"data:image\/svg+xml;base64,PHN2ZyB3aWR0aD0iMSIgaGVpZ2h0PSIxIiB4bWxucz0iaHR0cDovL3d3dy53My5vcmcvMjAwMC9zdmciPjwvc3ZnPg==\" style=\"--smush-placeholder-width: 960px; --smush-placeholder-aspect-ratio: 960\/654;\" \/><\/figure>\n\n\n\n<p><br><\/p>\n","protected":false},"excerpt":{"rendered":"<p>Estos puntos verdes son el resultado de la voluntad de una comunidad que apuesta por el reciclaje, como un camino imprescindible para mitigar el da\u00f1o ambiental y para promover fuentes de trabajo. Los materiales son recolectados por personal de la municipalidad y entregados en mano a los recuperadores del hist\u00f3rico basural, barrio La tosquera. Qu\u00e9 [&hellip;]<\/p>\n","protected":false},"author":4,"featured_media":60003,"comment_status":"open","ping_status":"closed","sticky":false,"template":"","format":"standard","meta":{"om_disable_all_campaigns":false,"_jetpack_memberships_contains_paid_content":false,"footnotes":""},"categories":[101,2],"tags":[],"class_list":["post-60002","post","type-post","status-publish","format-standard","has-post-thumbnail","hentry","category-interes-general-locales","category-locales"],"aioseo_notices":[],"gutentor_comment":0,"jetpack_featured_media_url":"https:\/\/eldiariodesanpedro.com.ar\/sitio\/wp-content\/uploads\/2019\/09\/70126667_1153838801473385_1901567336893120512_n.jpg","jetpack_shortlink":"https:\/\/wp.me\/p6RhLt-fBM","jetpack_sharing_enabled":true,"_links":{"self":[{"href":"https:\/\/eldiariodesanpedro.com.ar\/sitio\/wp-json\/wp\/v2\/posts\/60002","targetHints":{"allow":["GET"]}}],"collection":[{"href":"https:\/\/eldiariodesanpedro.com.ar\/sitio\/wp-json\/wp\/v2\/posts"}],"about":[{"href":"https:\/\/eldiariodesanpedro.com.ar\/sitio\/wp-json\/wp\/v2\/types\/post"}],"author":[{"embeddable":true,"href":"https:\/\/eldiariodesanpedro.com.ar\/sitio\/wp-json\/wp\/v2\/users\/4"}],"replies":[{"embeddable":true,"href":"https:\/\/eldiariodesanpedro.com.ar\/sitio\/wp-json\/wp\/v2\/comments?post=60002"}],"version-history":[{"count":1,"href":"https:\/\/eldiariodesanpedro.com.ar\/sitio\/wp-json\/wp\/v2\/posts\/60002\/revisions"}],"predecessor-version":[{"id":60004,"href":"https:\/\/eldiariodesanpedro.com.ar\/sitio\/wp-json\/wp\/v2\/posts\/60002\/revisions\/60004"}],"wp:featuredmedia":[{"embeddable":true,"href":"https:\/\/eldiariodesanpedro.com.ar\/sitio\/wp-json\/wp\/v2\/media\/60003"}],"wp:attachment":[{"href":"https:\/\/eldiariodesanpedro.com.ar\/sitio\/wp-json\/wp\/v2\/media?parent=60002"}],"wp:term":[{"taxonomy":"category","embeddable":true,"href":"https:\/\/eldiariodesanpedro.com.ar\/sitio\/wp-json\/wp\/v2\/categories?post=60002"},{"taxonomy":"post_tag","embeddable":true,"href":"https:\/\/eldiariodesanpedro.com.ar\/sitio\/wp-json\/wp\/v2\/tags?post=60002"}],"curies":[{"name":"wp","href":"https:\/\/api.w.org\/{rel}","templated":true}]}}