{"id":59997,"date":"2019-09-14T09:53:55","date_gmt":"2019-09-14T12:53:55","guid":{"rendered":"https:\/\/eldiariodesanpedro.com.ar\/sitio\/?p=59997"},"modified":"2019-09-14T09:59:41","modified_gmt":"2019-09-14T12:59:41","slug":"baradero-fatal-accidente-en-la-costanera","status":"publish","type":"post","link":"https:\/\/eldiariodesanpedro.com.ar\/sitio\/baradero-fatal-accidente-en-la-costanera\/","title":{"rendered":"BARADERO | Fatal accidente en la costanera"},"content":{"rendered":"<!-- VideographyWP Plugin Message: Automatic video embedding prevented by plugin options. -->\n\n<p>Ocurri\u00f3 cerca de las 7 de la ma\u00f1ana de \u00e9ste s\u00e1bado cuando un joven que circulaba en una motocicleta, impacta a alta velocidad contra una de las farolas de calle Almirante Brown. Muere al instante.<\/p>\n\n\n\n<p>El fatal accidente ocurri\u00f3 en la costanera de la ciudad vecina de Baradero, el joven motociclista, por causas que se tratan de establecer, colisiona solo impactando contra una de las farolas de calle Almirante Brawn.<\/p>\n\n\n\n<p>\u00abLa muerte fue en el acto, su cabeza explot\u00f3 al instante contra el alumbrado\u00bb, confirmo personal de la Fuerza de Seguridad que se encontraba en el lugar.<\/p>\n\n\n\n<p>\u00abYa desde la bajada de Av. San Mart\u00edn ven\u00eda zigzagueando con la moto, previamente al desenlace fatal hab\u00eda chocado un cartel\u00bb, sentenciaron.<br><\/p>\n\n\n\n<p>El muchacho ten\u00eda 30 a\u00f1os y dos hijos chicos. <\/p>\n\n\n\n<p>Fuente: LS2 Radio 96.9<\/p>\n\n\n\n<figure class=\"wp-block-image\"><img decoding=\"async\" width=\"180\" height=\"199\" data-attachment-id=\"59998\" data-permalink=\"https:\/\/eldiariodesanpedro.com.ar\/sitio\/baradero-fatal-accidente-en-la-costanera\/70366468_1404710493030971_7346084828690776064_n\/\" data-orig-file=\"https:\/\/eldiariodesanpedro.com.ar\/sitio\/wp-content\/uploads\/2019\/09\/70366468_1404710493030971_7346084828690776064_n.jpg\" data-orig-size=\"180,199\" data-comments-opened=\"1\" data-image-meta=\"{&quot;aperture&quot;:&quot;0&quot;,&quot;credit&quot;:&quot;&quot;,&quot;camera&quot;:&quot;&quot;,&quot;caption&quot;:&quot;&quot;,&quot;created_timestamp&quot;:&quot;0&quot;,&quot;copyright&quot;:&quot;&quot;,&quot;focal_length&quot;:&quot;0&quot;,&quot;iso&quot;:&quot;0&quot;,&quot;shutter_speed&quot;:&quot;0&quot;,&quot;title&quot;:&quot;&quot;,&quot;orientation&quot;:&quot;0&quot;}\" data-image-title=\"70366468_1404710493030971_7346084828690776064_n\" data-image-description=\"\" data-image-caption=\"\" data-large-file=\"https:\/\/eldiariodesanpedro.com.ar\/sitio\/wp-content\/uploads\/2019\/09\/70366468_1404710493030971_7346084828690776064_n.jpg\" data-src=\"https:\/\/eldiariodesanpedro.com.ar\/sitio\/wp-content\/uploads\/2019\/09\/70366468_1404710493030971_7346084828690776064_n.jpg\" alt=\"\" class=\"wp-image-59998 lazyload\" src=\"data:image\/svg+xml;base64,PHN2ZyB3aWR0aD0iMSIgaGVpZ2h0PSIxIiB4bWxucz0iaHR0cDovL3d3dy53My5vcmcvMjAwMC9zdmciPjwvc3ZnPg==\" style=\"--smush-placeholder-width: 180px; --smush-placeholder-aspect-ratio: 180\/199;\" \/><\/figure>\n","protected":false},"excerpt":{"rendered":"<p>Ocurri\u00f3 cerca de las 7 de la ma\u00f1ana de \u00e9ste s\u00e1bado cuando un joven que circulaba en una motocicleta, impacta a alta velocidad contra una de las farolas de calle Almirante Brown. Muere al instante. El fatal accidente ocurri\u00f3 en la costanera de la ciudad vecina de Baradero, el joven motociclista, por causas que se [&hellip;]<\/p>\n","protected":false},"author":4,"featured_media":59999,"comment_status":"open","ping_status":"closed","sticky":false,"template":"","format":"standard","meta":{"om_disable_all_campaigns":false,"_jetpack_memberships_contains_paid_content":false,"footnotes":""},"categories":[621],"tags":[],"class_list":["post-59997","post","type-post","status-publish","format-standard","has-post-thumbnail","hentry","category-regionales"],"aioseo_notices":[],"gutentor_comment":0,"jetpack_featured_media_url":"https:\/\/eldiariodesanpedro.com.ar\/sitio\/wp-content\/uploads\/2019\/09\/70083200_1204241679763833_4634625992806105088_n.jpg","jetpack_shortlink":"https:\/\/wp.me\/p6RhLt-fBH","jetpack_sharing_enabled":true,"_links":{"self":[{"href":"https:\/\/eldiariodesanpedro.com.ar\/sitio\/wp-json\/wp\/v2\/posts\/59997","targetHints":{"allow":["GET"]}}],"collection":[{"href":"https:\/\/eldiariodesanpedro.com.ar\/sitio\/wp-json\/wp\/v2\/posts"}],"about":[{"href":"https:\/\/eldiariodesanpedro.com.ar\/sitio\/wp-json\/wp\/v2\/types\/post"}],"author":[{"embeddable":true,"href":"https:\/\/eldiariodesanpedro.com.ar\/sitio\/wp-json\/wp\/v2\/users\/4"}],"replies":[{"embeddable":true,"href":"https:\/\/eldiariodesanpedro.com.ar\/sitio\/wp-json\/wp\/v2\/comments?post=59997"}],"version-history":[{"count":2,"href":"https:\/\/eldiariodesanpedro.com.ar\/sitio\/wp-json\/wp\/v2\/posts\/59997\/revisions"}],"predecessor-version":[{"id":60001,"href":"https:\/\/eldiariodesanpedro.com.ar\/sitio\/wp-json\/wp\/v2\/posts\/59997\/revisions\/60001"}],"wp:featuredmedia":[{"embeddable":true,"href":"https:\/\/eldiariodesanpedro.com.ar\/sitio\/wp-json\/wp\/v2\/media\/59999"}],"wp:attachment":[{"href":"https:\/\/eldiariodesanpedro.com.ar\/sitio\/wp-json\/wp\/v2\/media?parent=59997"}],"wp:term":[{"taxonomy":"category","embeddable":true,"href":"https:\/\/eldiariodesanpedro.com.ar\/sitio\/wp-json\/wp\/v2\/categories?post=59997"},{"taxonomy":"post_tag","embeddable":true,"href":"https:\/\/eldiariodesanpedro.com.ar\/sitio\/wp-json\/wp\/v2\/tags?post=59997"}],"curies":[{"name":"wp","href":"https:\/\/api.w.org\/{rel}","templated":true}]}}