{"id":59993,"date":"2019-09-14T09:20:01","date_gmt":"2019-09-14T12:20:01","guid":{"rendered":"https:\/\/eldiariodesanpedro.com.ar\/sitio\/?p=59993"},"modified":"2019-09-14T09:20:05","modified_gmt":"2019-09-14T12:20:05","slug":"baradero-con-perfume-de-mujer-una-comisario-a-cargo-de-la-seguridad-local","status":"publish","type":"post","link":"https:\/\/eldiariodesanpedro.com.ar\/sitio\/baradero-con-perfume-de-mujer-una-comisario-a-cargo-de-la-seguridad-local\/","title":{"rendered":"BARADERO| Con Perfume de Mujer: Una comisario a cargo de la seguridad local"},"content":{"rendered":"<!-- VideographyWP Plugin Message: Automatic video embedding prevented by plugin options. -->\n\n<p>En la ma\u00f1ana de este viernes fue presentada en sociedad la comisario que estar\u00e1 a cargo de la estaci\u00f3n de la polic\u00eda comunal de Baradero.<\/p>\n\n\n\n<p>En el despacho de la intendenta municipal y con la presencia del jefe departamental, el jefe de la polic\u00eda comunal y el sub secretario de seguridad, la Dra. Antonijevic le dio la bienvenida a la comisario Juana Preciado quien a partir de hoy estar\u00e1 a cargo de la estaci\u00f3n de polic\u00eda.<\/p>\n\n\n\n<figure class=\"wp-block-image\"><img decoding=\"async\" width=\"1024\" height=\"683\" data-attachment-id=\"59994\" data-permalink=\"https:\/\/eldiariodesanpedro.com.ar\/sitio\/baradero-con-perfume-de-mujer-una-comisario-a-cargo-de-la-seguridad-local\/img_8389-copy\/\" data-orig-file=\"https:\/\/eldiariodesanpedro.com.ar\/sitio\/wp-content\/uploads\/2019\/09\/IMG_8389-Copy.jpg\" data-orig-size=\"1024,683\" data-comments-opened=\"1\" data-image-meta=\"{&quot;aperture&quot;:&quot;4&quot;,&quot;credit&quot;:&quot;&quot;,&quot;camera&quot;:&quot;Canon EOS 70D&quot;,&quot;caption&quot;:&quot;&quot;,&quot;created_timestamp&quot;:&quot;1568371636&quot;,&quot;copyright&quot;:&quot;&quot;,&quot;focal_length&quot;:&quot;27&quot;,&quot;iso&quot;:&quot;800&quot;,&quot;shutter_speed&quot;:&quot;0.0125&quot;,&quot;title&quot;:&quot;&quot;,&quot;orientation&quot;:&quot;1&quot;}\" data-image-title=\"IMG_8389-Copy\" data-image-description=\"\" data-image-caption=\"\" data-large-file=\"https:\/\/eldiariodesanpedro.com.ar\/sitio\/wp-content\/uploads\/2019\/09\/IMG_8389-Copy-1024x683.jpg\" data-src=\"https:\/\/i2.wp.com\/eldiariodesanpedro.com.ar\/sitio\/wp-content\/uploads\/2019\/09\/IMG_8389-Copy.jpg?fit=660%2C440\" alt=\"\" class=\"wp-image-59994 lazyload\" data-srcset=\"https:\/\/eldiariodesanpedro.com.ar\/sitio\/wp-content\/uploads\/2019\/09\/IMG_8389-Copy.jpg 1024w, https:\/\/eldiariodesanpedro.com.ar\/sitio\/wp-content\/uploads\/2019\/09\/IMG_8389-Copy-300x200.jpg 300w, https:\/\/eldiariodesanpedro.com.ar\/sitio\/wp-content\/uploads\/2019\/09\/IMG_8389-Copy-768x512.jpg 768w\" data-sizes=\"(max-width: 1024px) 100vw, 1024px\" src=\"data:image\/svg+xml;base64,PHN2ZyB3aWR0aD0iMSIgaGVpZ2h0PSIxIiB4bWxucz0iaHR0cDovL3d3dy53My5vcmcvMjAwMC9zdmciPjwvc3ZnPg==\" style=\"--smush-placeholder-width: 1024px; --smush-placeholder-aspect-ratio: 1024\/683;\" \/><\/figure>\n\n\n\n<p><em><strong>\u00abCon el objetivo de mejorar la seguridad de nuestros vecinos, teniendo en cuenta algunos sucesos que no pudieron ser solucionados, solicitamos el relevo de la jefatura de la estaci\u00f3n de la polic\u00eda y le damos la bienvenida a la comisario Preciado y confiamos en su trabajo a partir de este momento deseando el mayor de los \u00e9xitos\u00bb<\/strong><\/em>\u00a0dijo la intendenta. <\/p>\n\n\n\n<p><strong><em>\u00abTengo mucha expectativa, mantuvimos reuniones anteriores a mi llegada pero todav\u00eda falta ultimar detalles\u00bb<\/em><\/strong>&nbsp;dijo Preciado y agreg\u00f3:&nbsp;<strong><em>\u00abMi trabajo se basa en estar siempre en contacto con mi personal y con el vecino para solucionar los problemas de seguridad por el que estamos pasando\u00bb.<\/em><\/strong><\/p>\n\n\n\n<p>La comisario Preciado fue parte de la departamental de investigaciones Baradero San Pedro por lo que ya trabaj\u00f3 en nuestra ciudad y tiene conocimiento del mapa delictivo.<\/p>\n\n\n\n<p>Fuente: Baradero Te Informa<\/p>\n","protected":false},"excerpt":{"rendered":"<p>En la ma\u00f1ana de este viernes fue presentada en sociedad la comisario que estar\u00e1 a cargo de la estaci\u00f3n de la polic\u00eda comunal de Baradero. En el despacho de la intendenta municipal y con la presencia del jefe departamental, el jefe de la polic\u00eda comunal y el sub secretario de seguridad, la Dra. Antonijevic le [&hellip;]<\/p>\n","protected":false},"author":4,"featured_media":59995,"comment_status":"open","ping_status":"closed","sticky":false,"template":"","format":"standard","meta":{"om_disable_all_campaigns":false,"_jetpack_memberships_contains_paid_content":false,"footnotes":""},"categories":[621],"tags":[],"class_list":["post-59993","post","type-post","status-publish","format-standard","has-post-thumbnail","hentry","category-regionales"],"aioseo_notices":[],"gutentor_comment":0,"jetpack_featured_media_url":"https:\/\/eldiariodesanpedro.com.ar\/sitio\/wp-content\/uploads\/2019\/09\/IMG_8402-Copy.jpg","jetpack_shortlink":"https:\/\/wp.me\/p6RhLt-fBD","jetpack_sharing_enabled":true,"_links":{"self":[{"href":"https:\/\/eldiariodesanpedro.com.ar\/sitio\/wp-json\/wp\/v2\/posts\/59993","targetHints":{"allow":["GET"]}}],"collection":[{"href":"https:\/\/eldiariodesanpedro.com.ar\/sitio\/wp-json\/wp\/v2\/posts"}],"about":[{"href":"https:\/\/eldiariodesanpedro.com.ar\/sitio\/wp-json\/wp\/v2\/types\/post"}],"author":[{"embeddable":true,"href":"https:\/\/eldiariodesanpedro.com.ar\/sitio\/wp-json\/wp\/v2\/users\/4"}],"replies":[{"embeddable":true,"href":"https:\/\/eldiariodesanpedro.com.ar\/sitio\/wp-json\/wp\/v2\/comments?post=59993"}],"version-history":[{"count":1,"href":"https:\/\/eldiariodesanpedro.com.ar\/sitio\/wp-json\/wp\/v2\/posts\/59993\/revisions"}],"predecessor-version":[{"id":59996,"href":"https:\/\/eldiariodesanpedro.com.ar\/sitio\/wp-json\/wp\/v2\/posts\/59993\/revisions\/59996"}],"wp:featuredmedia":[{"embeddable":true,"href":"https:\/\/eldiariodesanpedro.com.ar\/sitio\/wp-json\/wp\/v2\/media\/59995"}],"wp:attachment":[{"href":"https:\/\/eldiariodesanpedro.com.ar\/sitio\/wp-json\/wp\/v2\/media?parent=59993"}],"wp:term":[{"taxonomy":"category","embeddable":true,"href":"https:\/\/eldiariodesanpedro.com.ar\/sitio\/wp-json\/wp\/v2\/categories?post=59993"},{"taxonomy":"post_tag","embeddable":true,"href":"https:\/\/eldiariodesanpedro.com.ar\/sitio\/wp-json\/wp\/v2\/tags?post=59993"}],"curies":[{"name":"wp","href":"https:\/\/api.w.org\/{rel}","templated":true}]}}