{"id":59990,"date":"2019-09-14T09:07:23","date_gmt":"2019-09-14T12:07:23","guid":{"rendered":"https:\/\/eldiariodesanpedro.com.ar\/sitio\/?p=59990"},"modified":"2019-09-14T09:07:27","modified_gmt":"2019-09-14T12:07:27","slug":"hoy-mega-festival-del-aire-en-el-aeroclub","status":"publish","type":"post","link":"https:\/\/eldiariodesanpedro.com.ar\/sitio\/hoy-mega-festival-del-aire-en-el-aeroclub\/","title":{"rendered":"Hoy Mega Festival del Aire en el Aeroclub"},"content":{"rendered":"<!-- VideographyWP Plugin Message: Automatic video embedding prevented by plugin options. -->\n\n<p>Este sabado sera la primera jornada del cuarto Mega Festival del Aire, en el Aeroclub San Pedro. La grilla de actividades comenzaran a las 15 horas y finalizara con shows musicales. Las principales atracciones del evento son organizadas  por la empresa de la ciudad vecina de Baradero \u00ab4 caminos\u00bb. <\/p>\n\n\n\n<p>Con diferentes actividades, se desarrolla la primera jornada con<br>exhibiciones de parapente, paramotor y vuelos en globo aerost\u00e1tico<\/p>\n\n\n\n<p>Ademas, Vuelo Semilla estar\u00e1 presente; es una Asociaci\u00f3n Civil Sin Fines de Lucro, formada por un grupo de pilotos patag\u00f3nicos, y esta dedicada a Volar con personas con discapacidad, haciendo a nuestro deporte inclusivo.  <\/p>\n\n\n\n<p><strong><em>Grilla de actividades<br>S\u00e1bado 14\/09<\/em><\/strong><br>15hs: Taller para ni\u00f1os con globos \u2013 Mar\u00eda Oilher<br>15.15hs: Contrapiso \u2013 San Miguel<br>16hs: Zumba \u2013 Ivana Cislo<br>16.30hs: Grupo Juvenil \u2013 Reggaeton Full de Tom Negrete<br>16.30hs: Acrobacias en el aire<br>17 hs: Basiliky<br>17.45: Contrapiso \u2013 San Miguel <\/p>\n\n\n\n<p>Se recomienda llevar mate, reposera y muchas ganas de disfrutar.<\/p>\n\n\n\n<p><\/p>\n","protected":false},"excerpt":{"rendered":"<p>Este sabado sera la primera jornada del cuarto Mega Festival del Aire, en el Aeroclub San Pedro. La grilla de actividades comenzaran a las 15 horas y finalizara con shows musicales. Las principales atracciones del evento son organizadas por la empresa de la ciudad vecina de Baradero \u00ab4 caminos\u00bb. Con diferentes actividades, se desarrolla la [&hellip;]<\/p>\n","protected":false},"author":4,"featured_media":59991,"comment_status":"open","ping_status":"closed","sticky":false,"template":"","format":"standard","meta":{"om_disable_all_campaigns":false,"_jetpack_memberships_contains_paid_content":false,"footnotes":""},"categories":[50,101,2],"tags":[],"class_list":["post-59990","post","type-post","status-publish","format-standard","has-post-thumbnail","hentry","category-destacadas","category-interes-general-locales","category-locales"],"aioseo_notices":[],"gutentor_comment":0,"jetpack_featured_media_url":"https:\/\/eldiariodesanpedro.com.ar\/sitio\/wp-content\/uploads\/2019\/09\/70201509_521897218578322_8533049425201725440_n.jpg","jetpack_shortlink":"https:\/\/wp.me\/p6RhLt-fBA","jetpack_sharing_enabled":true,"_links":{"self":[{"href":"https:\/\/eldiariodesanpedro.com.ar\/sitio\/wp-json\/wp\/v2\/posts\/59990","targetHints":{"allow":["GET"]}}],"collection":[{"href":"https:\/\/eldiariodesanpedro.com.ar\/sitio\/wp-json\/wp\/v2\/posts"}],"about":[{"href":"https:\/\/eldiariodesanpedro.com.ar\/sitio\/wp-json\/wp\/v2\/types\/post"}],"author":[{"embeddable":true,"href":"https:\/\/eldiariodesanpedro.com.ar\/sitio\/wp-json\/wp\/v2\/users\/4"}],"replies":[{"embeddable":true,"href":"https:\/\/eldiariodesanpedro.com.ar\/sitio\/wp-json\/wp\/v2\/comments?post=59990"}],"version-history":[{"count":1,"href":"https:\/\/eldiariodesanpedro.com.ar\/sitio\/wp-json\/wp\/v2\/posts\/59990\/revisions"}],"predecessor-version":[{"id":59992,"href":"https:\/\/eldiariodesanpedro.com.ar\/sitio\/wp-json\/wp\/v2\/posts\/59990\/revisions\/59992"}],"wp:featuredmedia":[{"embeddable":true,"href":"https:\/\/eldiariodesanpedro.com.ar\/sitio\/wp-json\/wp\/v2\/media\/59991"}],"wp:attachment":[{"href":"https:\/\/eldiariodesanpedro.com.ar\/sitio\/wp-json\/wp\/v2\/media?parent=59990"}],"wp:term":[{"taxonomy":"category","embeddable":true,"href":"https:\/\/eldiariodesanpedro.com.ar\/sitio\/wp-json\/wp\/v2\/categories?post=59990"},{"taxonomy":"post_tag","embeddable":true,"href":"https:\/\/eldiariodesanpedro.com.ar\/sitio\/wp-json\/wp\/v2\/tags?post=59990"}],"curies":[{"name":"wp","href":"https:\/\/api.w.org\/{rel}","templated":true}]}}