{"id":59983,"date":"2019-09-13T17:28:50","date_gmt":"2019-09-13T20:28:50","guid":{"rendered":"https:\/\/eldiariodesanpedro.com.ar\/sitio\/?p=59983"},"modified":"2019-09-13T17:28:54","modified_gmt":"2019-09-13T20:28:54","slug":"ramallo-el-concejo-deliberante-adhirio-a-la-emergencia-alimentaria","status":"publish","type":"post","link":"https:\/\/eldiariodesanpedro.com.ar\/sitio\/ramallo-el-concejo-deliberante-adhirio-a-la-emergencia-alimentaria\/","title":{"rendered":"RAMALLO | El Concejo Deliberante adhiri\u00f3 a la Emergencia Alimentaria"},"content":{"rendered":"<!-- VideographyWP Plugin Message: Automatic video embedding prevented by plugin options. -->\n\n<p>En la \u00faltima sesi\u00f3n del Concejo Deliberante de Ramallo, todos los ediles aprobaron adherir a la declaraci\u00f3n de la Emergencia Alimentaria. El proyecto fue aprobado por unanimidad, y fue presentado por la concejal del Frente de Todos,&nbsp;<strong>Silvia Di Bacco<\/strong>.<\/p>\n\n\n\n<p>El proyecto busca adherir al reclamo de la Iglesia, Intendentes, Sindicatos y ONG para el tratamiento de la Emergencia Alimentaria en el Congreso Nacional, que obtuvo media sanci\u00f3n este jueves en la c\u00e1mara de Diputados, por 222 votos a favor y ninguno en contra.<\/p>\n\n\n\n<p>La edil Di Bacco, en su proyecto sostiene que es necesaria la adhesi\u00f3n dado el desborde en los comedores por la cantidad de familias que asisten. Adem\u00e1s respalda en lo requerido por las instituciones intermedias a que el gobierno tome partidas de otras \u00e1reas del presupuesto para volcarlas en asistencia social.<\/p>\n\n\n\n<p>Fuente: Ramallo Ciudad<\/p>\n","protected":false},"excerpt":{"rendered":"<p>En la \u00faltima sesi\u00f3n del Concejo Deliberante de Ramallo, todos los ediles aprobaron adherir a la declaraci\u00f3n de la Emergencia Alimentaria. El proyecto fue aprobado por unanimidad, y fue presentado por la concejal del Frente de Todos,&nbsp;Silvia Di Bacco. El proyecto busca adherir al reclamo de la Iglesia, Intendentes, Sindicatos y ONG para el tratamiento [&hellip;]<\/p>\n","protected":false},"author":4,"featured_media":59984,"comment_status":"open","ping_status":"closed","sticky":false,"template":"","format":"standard","meta":{"om_disable_all_campaigns":false,"_jetpack_memberships_contains_paid_content":false,"footnotes":""},"categories":[621],"tags":[],"class_list":["post-59983","post","type-post","status-publish","format-standard","has-post-thumbnail","hentry","category-regionales"],"aioseo_notices":[],"gutentor_comment":0,"jetpack_featured_media_url":"https:\/\/eldiariodesanpedro.com.ar\/sitio\/wp-content\/uploads\/2019\/09\/bbx_363749344_1_concejo_deliberante.jpg","jetpack_shortlink":"https:\/\/wp.me\/p6RhLt-fBt","jetpack_sharing_enabled":true,"_links":{"self":[{"href":"https:\/\/eldiariodesanpedro.com.ar\/sitio\/wp-json\/wp\/v2\/posts\/59983","targetHints":{"allow":["GET"]}}],"collection":[{"href":"https:\/\/eldiariodesanpedro.com.ar\/sitio\/wp-json\/wp\/v2\/posts"}],"about":[{"href":"https:\/\/eldiariodesanpedro.com.ar\/sitio\/wp-json\/wp\/v2\/types\/post"}],"author":[{"embeddable":true,"href":"https:\/\/eldiariodesanpedro.com.ar\/sitio\/wp-json\/wp\/v2\/users\/4"}],"replies":[{"embeddable":true,"href":"https:\/\/eldiariodesanpedro.com.ar\/sitio\/wp-json\/wp\/v2\/comments?post=59983"}],"version-history":[{"count":1,"href":"https:\/\/eldiariodesanpedro.com.ar\/sitio\/wp-json\/wp\/v2\/posts\/59983\/revisions"}],"predecessor-version":[{"id":59985,"href":"https:\/\/eldiariodesanpedro.com.ar\/sitio\/wp-json\/wp\/v2\/posts\/59983\/revisions\/59985"}],"wp:featuredmedia":[{"embeddable":true,"href":"https:\/\/eldiariodesanpedro.com.ar\/sitio\/wp-json\/wp\/v2\/media\/59984"}],"wp:attachment":[{"href":"https:\/\/eldiariodesanpedro.com.ar\/sitio\/wp-json\/wp\/v2\/media?parent=59983"}],"wp:term":[{"taxonomy":"category","embeddable":true,"href":"https:\/\/eldiariodesanpedro.com.ar\/sitio\/wp-json\/wp\/v2\/categories?post=59983"},{"taxonomy":"post_tag","embeddable":true,"href":"https:\/\/eldiariodesanpedro.com.ar\/sitio\/wp-json\/wp\/v2\/tags?post=59983"}],"curies":[{"name":"wp","href":"https:\/\/api.w.org\/{rel}","templated":true}]}}