{"id":59980,"date":"2019-09-13T11:40:56","date_gmt":"2019-09-13T14:40:56","guid":{"rendered":"https:\/\/eldiariodesanpedro.com.ar\/sitio\/?p=59980"},"modified":"2019-09-13T11:41:01","modified_gmt":"2019-09-13T14:41:01","slug":"se-detuvo-un-sujeto-quien-conducida-ebrio-en-la-via-publica","status":"publish","type":"post","link":"https:\/\/eldiariodesanpedro.com.ar\/sitio\/se-detuvo-un-sujeto-quien-conducida-ebrio-en-la-via-publica\/","title":{"rendered":"Se detuvo un sujeto quien conducida ebrio en la v\u00eda publica"},"content":{"rendered":"<!-- VideographyWP Plugin Message: Automatic video embedding prevented by plugin options. -->\n\n<p>El hecho se produjo esta madrugada cuando personal de comisaria intercepta a un masculino quien se trasladaba en su motocicleta en estado de ebriedad.<\/p>\n\n\n\n<p>En intersecci\u00f3n de las calles H. Irigoyen y Almafuerte se procedi\u00f3 a la aprehensi\u00f3n de un masculino quien se movilizaba en una moto 110 cc, a quien se le realiza una infracci\u00f3n\u00a0de transito por no poseer documentaci\u00f3n habilitante para circular, encontrarse en estado de ebriedad y no poseer casco, por lo que tambi\u00e9n se le secuestra el rodado interviniendo el Juzgado de Falta.<\/p>\n","protected":false},"excerpt":{"rendered":"<p>El hecho se produjo esta madrugada cuando personal de comisaria intercepta a un masculino quien se trasladaba en su motocicleta en estado de ebriedad. En intersecci\u00f3n de las calles H. Irigoyen y Almafuerte se procedi\u00f3 a la aprehensi\u00f3n de un masculino quien se movilizaba en una moto 110 cc, a quien se le realiza una [&hellip;]<\/p>\n","protected":false},"author":4,"featured_media":58532,"comment_status":"open","ping_status":"closed","sticky":false,"template":"","format":"standard","meta":{"om_disable_all_campaigns":false,"_jetpack_memberships_contains_paid_content":false,"footnotes":""},"categories":[2,103],"tags":[],"class_list":["post-59980","post","type-post","status-publish","format-standard","has-post-thumbnail","hentry","category-locales","category-policiales-locales"],"aioseo_notices":[],"gutentor_comment":0,"jetpack_featured_media_url":"https:\/\/eldiariodesanpedro.com.ar\/sitio\/wp-content\/uploads\/2019\/08\/policia_detenido06.jpg","jetpack_shortlink":"https:\/\/wp.me\/p6RhLt-fBq","jetpack_sharing_enabled":true,"_links":{"self":[{"href":"https:\/\/eldiariodesanpedro.com.ar\/sitio\/wp-json\/wp\/v2\/posts\/59980","targetHints":{"allow":["GET"]}}],"collection":[{"href":"https:\/\/eldiariodesanpedro.com.ar\/sitio\/wp-json\/wp\/v2\/posts"}],"about":[{"href":"https:\/\/eldiariodesanpedro.com.ar\/sitio\/wp-json\/wp\/v2\/types\/post"}],"author":[{"embeddable":true,"href":"https:\/\/eldiariodesanpedro.com.ar\/sitio\/wp-json\/wp\/v2\/users\/4"}],"replies":[{"embeddable":true,"href":"https:\/\/eldiariodesanpedro.com.ar\/sitio\/wp-json\/wp\/v2\/comments?post=59980"}],"version-history":[{"count":1,"href":"https:\/\/eldiariodesanpedro.com.ar\/sitio\/wp-json\/wp\/v2\/posts\/59980\/revisions"}],"predecessor-version":[{"id":59981,"href":"https:\/\/eldiariodesanpedro.com.ar\/sitio\/wp-json\/wp\/v2\/posts\/59980\/revisions\/59981"}],"wp:featuredmedia":[{"embeddable":true,"href":"https:\/\/eldiariodesanpedro.com.ar\/sitio\/wp-json\/wp\/v2\/media\/58532"}],"wp:attachment":[{"href":"https:\/\/eldiariodesanpedro.com.ar\/sitio\/wp-json\/wp\/v2\/media?parent=59980"}],"wp:term":[{"taxonomy":"category","embeddable":true,"href":"https:\/\/eldiariodesanpedro.com.ar\/sitio\/wp-json\/wp\/v2\/categories?post=59980"},{"taxonomy":"post_tag","embeddable":true,"href":"https:\/\/eldiariodesanpedro.com.ar\/sitio\/wp-json\/wp\/v2\/tags?post=59980"}],"curies":[{"name":"wp","href":"https:\/\/api.w.org\/{rel}","templated":true}]}}