{"id":5998,"date":"2016-07-13T20:43:05","date_gmt":"2016-07-13T23:43:05","guid":{"rendered":"https:\/\/eldiariodesanpedro.com.ar\/sitio\/?p=5998"},"modified":"2016-07-13T20:43:05","modified_gmt":"2016-07-13T23:43:05","slug":"causa-abuso-sexual-en-cumpleanos-de-15-el-juez-se-excuso-y-no-habra-sentencia-por-el-momento","status":"publish","type":"post","link":"https:\/\/eldiariodesanpedro.com.ar\/sitio\/causa-abuso-sexual-en-cumpleanos-de-15-el-juez-se-excuso-y-no-habra-sentencia-por-el-momento\/","title":{"rendered":"Causa abuso sexual en cumplea\u00f1os de 15: El juez se excus\u00f3 y no habr\u00e1 sentencia por el momento"},"content":{"rendered":"<p><!-- VideographyWP Plugin Message: Automatic video embedding prevented by plugin options. --><br \/>\nLamentablemente, para este caso tan doloroso y sensible para nuestra sociedad, la causa a\u00fan no tiene condenados. El primero iba a ser Alejandro Weiss, quien al momento de ocurrido el hecho era menor de edad. Sin embargo, el Dr. Dar\u00edo Porta, perteneciente al Juzgado de Menores Z\u00e1rate-Campana, se excus\u00f3 y esto provoc\u00f3 que el juicio abreviado todav\u00eda no tenga una definici\u00f3n. Ahora habr\u00e1 que esperar que la C\u00e1mara Penal determine una nueva autoridad que lo reemplace.<br \/>\nCabe recordar que exist\u00eda un acuerdo previo entre la Fiscal\u00eda de Menores, la Defensor\u00eda y los abogados de las v\u00edctimas para que se desarrollara la modalidad de juicio abreviado y, por lo tanto, hubiera una condena r\u00e1pida. Pese a ello, por el momento habr\u00e1 que esperar y el imputado seguir\u00e1 bajo el beneficio de la prisi\u00f3n domiciliario.<br \/>\nPor su parte, sobre los otros dos participantes en el hecho, a\u00fan no hay grandes novedades y se estima que a fin de a\u00f1o se lleve a cabo el juicio contra ellos.<\/p>\n","protected":false},"excerpt":{"rendered":"<p>Lamentablemente, para este caso tan doloroso y sensible para nuestra sociedad, la causa a\u00fan no tiene condenados. El primero iba a ser Alejandro Weiss, quien al momento de ocurrido el hecho era menor de edad. Sin embargo, el Dr. Dar\u00edo Porta, perteneciente al Juzgado de Menores Z\u00e1rate-Campana, se excus\u00f3 y esto provoc\u00f3 que el juicio [&hellip;]<\/p>\n","protected":false},"author":4,"featured_media":5999,"comment_status":"open","ping_status":"closed","sticky":false,"template":"","format":"standard","meta":{"om_disable_all_campaigns":false,"_jetpack_memberships_contains_paid_content":false,"footnotes":""},"categories":[50,2,103],"tags":[],"class_list":["post-5998","post","type-post","status-publish","format-standard","has-post-thumbnail","hentry","category-destacadas","category-locales","category-policiales-locales"],"aioseo_notices":[],"gutentor_comment":0,"jetpack_featured_media_url":"https:\/\/eldiariodesanpedro.com.ar\/sitio\/wp-content\/uploads\/2016\/07\/cientifica_en_la_quinta_del_nono_7.jpg","jetpack_shortlink":"https:\/\/wp.me\/p6RhLt-1yK","jetpack_sharing_enabled":true,"_links":{"self":[{"href":"https:\/\/eldiariodesanpedro.com.ar\/sitio\/wp-json\/wp\/v2\/posts\/5998","targetHints":{"allow":["GET"]}}],"collection":[{"href":"https:\/\/eldiariodesanpedro.com.ar\/sitio\/wp-json\/wp\/v2\/posts"}],"about":[{"href":"https:\/\/eldiariodesanpedro.com.ar\/sitio\/wp-json\/wp\/v2\/types\/post"}],"author":[{"embeddable":true,"href":"https:\/\/eldiariodesanpedro.com.ar\/sitio\/wp-json\/wp\/v2\/users\/4"}],"replies":[{"embeddable":true,"href":"https:\/\/eldiariodesanpedro.com.ar\/sitio\/wp-json\/wp\/v2\/comments?post=5998"}],"version-history":[{"count":1,"href":"https:\/\/eldiariodesanpedro.com.ar\/sitio\/wp-json\/wp\/v2\/posts\/5998\/revisions"}],"predecessor-version":[{"id":6000,"href":"https:\/\/eldiariodesanpedro.com.ar\/sitio\/wp-json\/wp\/v2\/posts\/5998\/revisions\/6000"}],"wp:featuredmedia":[{"embeddable":true,"href":"https:\/\/eldiariodesanpedro.com.ar\/sitio\/wp-json\/wp\/v2\/media\/5999"}],"wp:attachment":[{"href":"https:\/\/eldiariodesanpedro.com.ar\/sitio\/wp-json\/wp\/v2\/media?parent=5998"}],"wp:term":[{"taxonomy":"category","embeddable":true,"href":"https:\/\/eldiariodesanpedro.com.ar\/sitio\/wp-json\/wp\/v2\/categories?post=5998"},{"taxonomy":"post_tag","embeddable":true,"href":"https:\/\/eldiariodesanpedro.com.ar\/sitio\/wp-json\/wp\/v2\/tags?post=5998"}],"curies":[{"name":"wp","href":"https:\/\/api.w.org\/{rel}","templated":true}]}}