{"id":59977,"date":"2019-09-13T11:21:30","date_gmt":"2019-09-13T14:21:30","guid":{"rendered":"https:\/\/eldiariodesanpedro.com.ar\/sitio\/?p=59977"},"modified":"2019-09-13T11:21:34","modified_gmt":"2019-09-13T14:21:34","slug":"se-detuvo-a-un-delincuente-con-frondosos-antecedentes","status":"publish","type":"post","link":"https:\/\/eldiariodesanpedro.com.ar\/sitio\/se-detuvo-a-un-delincuente-con-frondosos-antecedentes\/","title":{"rendered":"Se detuvo a un delincuente con frondosos antecedentes"},"content":{"rendered":"<!-- VideographyWP Plugin Message: Automatic video embedding prevented by plugin options. -->\n\n<p>Por la tarde noche del jueves personal de Gabinete criminol\u00f3gico diligencio orden de detenci\u00f3n a un masculino de treinta y ocho a\u00f1os de edad (38).<\/p>\n\n\n\n<p>El delincuente de frondosos antecedentes, registra captura y detenci\u00f3n a requerimiento Juzgado Ejecuci\u00f3n Penal san Nicolas.<\/p>\n\n\n\n<p>Fue capturado y alojado en la comisaria local.\u00a0<br><\/p>\n","protected":false},"excerpt":{"rendered":"<p>Por la tarde noche del jueves personal de Gabinete criminol\u00f3gico diligencio orden de detenci\u00f3n a un masculino de treinta y ocho a\u00f1os de edad (38). El delincuente de frondosos antecedentes, registra captura y detenci\u00f3n a requerimiento Juzgado Ejecuci\u00f3n Penal san Nicolas. Fue capturado y alojado en la comisaria local.\u00a0<\/p>\n","protected":false},"author":4,"featured_media":57556,"comment_status":"open","ping_status":"closed","sticky":false,"template":"","format":"standard","meta":{"om_disable_all_campaigns":false,"_jetpack_memberships_contains_paid_content":false,"footnotes":""},"categories":[2,103],"tags":[],"class_list":["post-59977","post","type-post","status-publish","format-standard","has-post-thumbnail","hentry","category-locales","category-policiales-locales"],"aioseo_notices":[],"gutentor_comment":0,"jetpack_featured_media_url":"https:\/\/eldiariodesanpedro.com.ar\/sitio\/wp-content\/uploads\/2019\/08\/aprehendido-5.jpg","jetpack_shortlink":"https:\/\/wp.me\/p6RhLt-fBn","jetpack_sharing_enabled":true,"_links":{"self":[{"href":"https:\/\/eldiariodesanpedro.com.ar\/sitio\/wp-json\/wp\/v2\/posts\/59977","targetHints":{"allow":["GET"]}}],"collection":[{"href":"https:\/\/eldiariodesanpedro.com.ar\/sitio\/wp-json\/wp\/v2\/posts"}],"about":[{"href":"https:\/\/eldiariodesanpedro.com.ar\/sitio\/wp-json\/wp\/v2\/types\/post"}],"author":[{"embeddable":true,"href":"https:\/\/eldiariodesanpedro.com.ar\/sitio\/wp-json\/wp\/v2\/users\/4"}],"replies":[{"embeddable":true,"href":"https:\/\/eldiariodesanpedro.com.ar\/sitio\/wp-json\/wp\/v2\/comments?post=59977"}],"version-history":[{"count":1,"href":"https:\/\/eldiariodesanpedro.com.ar\/sitio\/wp-json\/wp\/v2\/posts\/59977\/revisions"}],"predecessor-version":[{"id":59978,"href":"https:\/\/eldiariodesanpedro.com.ar\/sitio\/wp-json\/wp\/v2\/posts\/59977\/revisions\/59978"}],"wp:featuredmedia":[{"embeddable":true,"href":"https:\/\/eldiariodesanpedro.com.ar\/sitio\/wp-json\/wp\/v2\/media\/57556"}],"wp:attachment":[{"href":"https:\/\/eldiariodesanpedro.com.ar\/sitio\/wp-json\/wp\/v2\/media?parent=59977"}],"wp:term":[{"taxonomy":"category","embeddable":true,"href":"https:\/\/eldiariodesanpedro.com.ar\/sitio\/wp-json\/wp\/v2\/categories?post=59977"},{"taxonomy":"post_tag","embeddable":true,"href":"https:\/\/eldiariodesanpedro.com.ar\/sitio\/wp-json\/wp\/v2\/tags?post=59977"}],"curies":[{"name":"wp","href":"https:\/\/api.w.org\/{rel}","templated":true}]}}