{"id":59967,"date":"2019-09-13T10:39:22","date_gmt":"2019-09-13T13:39:22","guid":{"rendered":"https:\/\/eldiariodesanpedro.com.ar\/sitio\/?p=59967"},"modified":"2019-09-13T10:39:26","modified_gmt":"2019-09-13T13:39:26","slug":"campana-bajo-la-modalidad-abigeato-carneaban-caballos-que-vendian-en-carnicerias-como-carne-vacuna","status":"publish","type":"post","link":"https:\/\/eldiariodesanpedro.com.ar\/sitio\/campana-bajo-la-modalidad-abigeato-carneaban-caballos-que-vendian-en-carnicerias-como-carne-vacuna\/","title":{"rendered":"CAMPANA | Bajo la modalidad abigeato carneaban caballos que vend\u00edan en carnicer\u00edas como carne vacuna"},"content":{"rendered":"<!-- VideographyWP Plugin Message: Automatic video embedding prevented by plugin options. -->\n\n<p>\n\nEn un mega operativo realizado principalmente en el barrio Las Praderas de nuestra ciudad en donde participaron agentes del Comando de Patrulla, Grupo Halc\u00f3n, Prevenci\u00f3n Rural Z\u00e1rate \u2013 Campana, drones, c\u00e1maras del CIMO PU y personal de investigaciones se procedi\u00f3 a la realizaci\u00f3n de 3 allanamientos en el barrio mencionado, 1 en Alto Los Cardales sobre RPN\u00b04, 1 en la localidad de Matheu y 2 en Pilar, donde se logr\u00f3 desbaratar una banda que hurtaba ganado vacuno y equino para luego vender en carnicer\u00edas de la zona.<\/p>\n\n\n\n<p>Se cree que las ofertas de dichas carnicer\u00edas, entre lo que se encontraba carne picada entre otros cortes era mezclada la carne vacuna y equina tras la venta y distribuci\u00f3n&nbsp;por parte&nbsp;de los delincuentes y en muchos de los casos la carne era comprada de buena fe como ganado normal.<\/p>\n\n\n\n<p>Durante los allanamientos, donde se logro contactar en flagrancia los carneos con cuchillos sierras,&nbsp; &nbsp;tambi\u00e9n pudieron encontrarse balanzas que utilizaban para&nbsp;pesar la mercader\u00eda,&nbsp; &nbsp;freezers llenos de faena y armas de fuego que fueron secuestradas.<\/p>\n\n\n\n<p>Los imputados fueron todos notificados de la formaci\u00f3n de la causa por Abigeato Agravado\/ Asociaci\u00f3n Il\u00edcita \/ Tenencia de Armas de Fuego.<\/p>\n\n\n\n<p>La investigaci\u00f3n fue llevada a cabo por el Comando de Prevenci\u00f3n Rural Z\u00e1rate \u2013 Campana a cargo del Principal Fiori.<\/p>\n\n\n\n<p>Fuente: Campana Argentina<\/p>\n\n\n\n<figure class=\"wp-block-image\"><img decoding=\"async\" width=\"1024\" height=\"498\" data-attachment-id=\"59969\" data-permalink=\"https:\/\/eldiariodesanpedro.com.ar\/sitio\/campana-bajo-la-modalidad-abigeato-carneaban-caballos-que-vendian-en-carnicerias-como-carne-vacuna\/whatsapp-image-2019-09-10-at-21-22-01-1\/\" data-orig-file=\"https:\/\/eldiariodesanpedro.com.ar\/sitio\/wp-content\/uploads\/2019\/09\/WhatsApp-Image-2019-09-10-at-21.22.01-1.jpeg\" data-orig-size=\"1024,498\" data-comments-opened=\"1\" data-image-meta=\"{&quot;aperture&quot;:&quot;0&quot;,&quot;credit&quot;:&quot;&quot;,&quot;camera&quot;:&quot;&quot;,&quot;caption&quot;:&quot;&quot;,&quot;created_timestamp&quot;:&quot;0&quot;,&quot;copyright&quot;:&quot;&quot;,&quot;focal_length&quot;:&quot;0&quot;,&quot;iso&quot;:&quot;0&quot;,&quot;shutter_speed&quot;:&quot;0&quot;,&quot;title&quot;:&quot;&quot;,&quot;orientation&quot;:&quot;0&quot;}\" data-image-title=\"WhatsApp-Image-2019-09-10-at-21.22.01-1\" data-image-description=\"\" data-image-caption=\"\" data-large-file=\"https:\/\/eldiariodesanpedro.com.ar\/sitio\/wp-content\/uploads\/2019\/09\/WhatsApp-Image-2019-09-10-at-21.22.01-1-1024x498.jpeg\" data-src=\"https:\/\/eldiariodesanpedro.com.ar\/sitio\/wp-content\/uploads\/2019\/09\/WhatsApp-Image-2019-09-10-at-21.22.01-1-1024x498.jpeg\" alt=\"\" class=\"wp-image-59969 lazyload\" data-srcset=\"https:\/\/eldiariodesanpedro.com.ar\/sitio\/wp-content\/uploads\/2019\/09\/WhatsApp-Image-2019-09-10-at-21.22.01-1.jpeg 1024w, https:\/\/eldiariodesanpedro.com.ar\/sitio\/wp-content\/uploads\/2019\/09\/WhatsApp-Image-2019-09-10-at-21.22.01-1-300x146.jpeg 300w, https:\/\/eldiariodesanpedro.com.ar\/sitio\/wp-content\/uploads\/2019\/09\/WhatsApp-Image-2019-09-10-at-21.22.01-1-768x374.jpeg 768w\" data-sizes=\"(max-width: 1024px) 100vw, 1024px\" src=\"data:image\/svg+xml;base64,PHN2ZyB3aWR0aD0iMSIgaGVpZ2h0PSIxIiB4bWxucz0iaHR0cDovL3d3dy53My5vcmcvMjAwMC9zdmciPjwvc3ZnPg==\" style=\"--smush-placeholder-width: 1024px; --smush-placeholder-aspect-ratio: 1024\/498;\" \/><\/figure>\n","protected":false},"excerpt":{"rendered":"<p>En un mega operativo realizado principalmente en el barrio Las Praderas de nuestra ciudad en donde participaron agentes del Comando de Patrulla, Grupo Halc\u00f3n, Prevenci\u00f3n Rural Z\u00e1rate \u2013 Campana, drones, c\u00e1maras del CIMO PU y personal de investigaciones se procedi\u00f3 a la realizaci\u00f3n de 3 allanamientos en el barrio mencionado, 1 en Alto Los Cardales [&hellip;]<\/p>\n","protected":false},"author":4,"featured_media":59968,"comment_status":"open","ping_status":"closed","sticky":false,"template":"","format":"standard","meta":{"om_disable_all_campaigns":false,"_jetpack_memberships_contains_paid_content":false,"footnotes":""},"categories":[621],"tags":[],"class_list":["post-59967","post","type-post","status-publish","format-standard","has-post-thumbnail","hentry","category-regionales"],"aioseo_notices":[],"gutentor_comment":0,"jetpack_featured_media_url":"https:\/\/eldiariodesanpedro.com.ar\/sitio\/wp-content\/uploads\/2019\/09\/WhatsApp-Image-2019-09-10-at-14.12.50.jpeg","jetpack_shortlink":"https:\/\/wp.me\/p6RhLt-fBd","jetpack_sharing_enabled":true,"_links":{"self":[{"href":"https:\/\/eldiariodesanpedro.com.ar\/sitio\/wp-json\/wp\/v2\/posts\/59967","targetHints":{"allow":["GET"]}}],"collection":[{"href":"https:\/\/eldiariodesanpedro.com.ar\/sitio\/wp-json\/wp\/v2\/posts"}],"about":[{"href":"https:\/\/eldiariodesanpedro.com.ar\/sitio\/wp-json\/wp\/v2\/types\/post"}],"author":[{"embeddable":true,"href":"https:\/\/eldiariodesanpedro.com.ar\/sitio\/wp-json\/wp\/v2\/users\/4"}],"replies":[{"embeddable":true,"href":"https:\/\/eldiariodesanpedro.com.ar\/sitio\/wp-json\/wp\/v2\/comments?post=59967"}],"version-history":[{"count":1,"href":"https:\/\/eldiariodesanpedro.com.ar\/sitio\/wp-json\/wp\/v2\/posts\/59967\/revisions"}],"predecessor-version":[{"id":59970,"href":"https:\/\/eldiariodesanpedro.com.ar\/sitio\/wp-json\/wp\/v2\/posts\/59967\/revisions\/59970"}],"wp:featuredmedia":[{"embeddable":true,"href":"https:\/\/eldiariodesanpedro.com.ar\/sitio\/wp-json\/wp\/v2\/media\/59968"}],"wp:attachment":[{"href":"https:\/\/eldiariodesanpedro.com.ar\/sitio\/wp-json\/wp\/v2\/media?parent=59967"}],"wp:term":[{"taxonomy":"category","embeddable":true,"href":"https:\/\/eldiariodesanpedro.com.ar\/sitio\/wp-json\/wp\/v2\/categories?post=59967"},{"taxonomy":"post_tag","embeddable":true,"href":"https:\/\/eldiariodesanpedro.com.ar\/sitio\/wp-json\/wp\/v2\/tags?post=59967"}],"curies":[{"name":"wp","href":"https:\/\/api.w.org\/{rel}","templated":true}]}}