{"id":59959,"date":"2019-09-13T10:29:58","date_gmt":"2019-09-13T13:29:58","guid":{"rendered":"https:\/\/eldiariodesanpedro.com.ar\/sitio\/?p=59959"},"modified":"2019-09-13T10:30:02","modified_gmt":"2019-09-13T13:30:02","slug":"campana-vuelca-un-auto-tras-un-desparramo-de-soja","status":"publish","type":"post","link":"https:\/\/eldiariodesanpedro.com.ar\/sitio\/campana-vuelca-un-auto-tras-un-desparramo-de-soja\/","title":{"rendered":"CAMPANA | Vuelca un auto tras un desparramo de soja"},"content":{"rendered":"<!-- VideographyWP Plugin Message: Automatic video embedding prevented by plugin options. -->\n\n<p> Varios veh\u00edculos perdieron el control en la Ruta 6, a la altura del puente del Arroyo de la Cruz, luego que un cami\u00f3n perdiera parte de su carga durante varios kil\u00f3metros. Uno de los autom\u00f3viles volc\u00f3 luego de hacer varios trompos. Dos mujeres y un menor de edad sufrieron heridas de consideraci\u00f3n, y fueron hospitalizados.<\/p>\n\n\n\n<p>\n\nOtra vez un cami\u00f3n cerealero vuelve a perder producto en la Ruta 6, ocasionando m\u00faltiples accidentes. Esta vez, tuvo lugar en horas de la medianoche, cuando el transporte circulaba en direcci\u00f3n a Z\u00e1rate, a la altura del puente del Arroyo de la Cruz.<\/p>\n\n\n\n<p>All\u00ed, el b\u00f3lido comenz\u00f3 a perder parte de su carga al tomar el pronunciado salto del puente. Los cereales quedaron esparcidos por algunos kil\u00f3metros, y varios automovilistas terminaron haciendo \u201ctrompos\u201d y y\u00e9ndose a la banquina.<\/p>\n\n\n\n<p>Pero la peor parte se la llev\u00f3 un Nissan Search. El veh\u00edculo perdi\u00f3 el control, y tras morder el cord\u00f3n termin\u00f3 volcando sobre el sentido contrario.<\/p>\n\n\n\n<p>Dos mujeres y un menor que circulaban en el auto resultaron con heridas de consideraci\u00f3n, siendo trasladados por dos m\u00f3viles del Same y un m\u00f3vil de bomberos al hospital local.<\/p>\n\n\n\n<p>En el lugar controlaron el tr\u00e1nsito personal de Defensa Civil, varios m\u00f3viles del CP, polic\u00eda Vial y personal de tr\u00e1nsito.<\/p>\n\n\n\n<p>La soja esparcida cubri\u00f3 varios kil\u00f3metros, llegando incluso hasta la rotonda del barrio Boch. El camionero fue interceptado en la ciudad de Z\u00e1rate, y asegur\u00f3 no haberse dado cuenta que ven\u00eda perdiendo parte del cargamento. <\/p>\n\n\n\n<p>Fuente: Campana Noticias<\/p>\n","protected":false},"excerpt":{"rendered":"<p>Varios veh\u00edculos perdieron el control en la Ruta 6, a la altura del puente del Arroyo de la Cruz, luego que un cami\u00f3n perdiera parte de su carga durante varios kil\u00f3metros. Uno de los autom\u00f3viles volc\u00f3 luego de hacer varios trompos. Dos mujeres y un menor de edad sufrieron heridas de consideraci\u00f3n, y fueron hospitalizados. [&hellip;]<\/p>\n","protected":false},"author":4,"featured_media":59960,"comment_status":"open","ping_status":"closed","sticky":false,"template":"","format":"standard","meta":{"om_disable_all_campaigns":false,"_jetpack_memberships_contains_paid_content":false,"footnotes":""},"categories":[621],"tags":[],"class_list":["post-59959","post","type-post","status-publish","format-standard","has-post-thumbnail","hentry","category-regionales"],"aioseo_notices":[],"gutentor_comment":0,"jetpack_featured_media_url":"https:\/\/eldiariodesanpedro.com.ar\/sitio\/wp-content\/uploads\/2019\/09\/20190912110416.jpg","jetpack_shortlink":"https:\/\/wp.me\/p6RhLt-fB5","jetpack_sharing_enabled":true,"_links":{"self":[{"href":"https:\/\/eldiariodesanpedro.com.ar\/sitio\/wp-json\/wp\/v2\/posts\/59959","targetHints":{"allow":["GET"]}}],"collection":[{"href":"https:\/\/eldiariodesanpedro.com.ar\/sitio\/wp-json\/wp\/v2\/posts"}],"about":[{"href":"https:\/\/eldiariodesanpedro.com.ar\/sitio\/wp-json\/wp\/v2\/types\/post"}],"author":[{"embeddable":true,"href":"https:\/\/eldiariodesanpedro.com.ar\/sitio\/wp-json\/wp\/v2\/users\/4"}],"replies":[{"embeddable":true,"href":"https:\/\/eldiariodesanpedro.com.ar\/sitio\/wp-json\/wp\/v2\/comments?post=59959"}],"version-history":[{"count":1,"href":"https:\/\/eldiariodesanpedro.com.ar\/sitio\/wp-json\/wp\/v2\/posts\/59959\/revisions"}],"predecessor-version":[{"id":59961,"href":"https:\/\/eldiariodesanpedro.com.ar\/sitio\/wp-json\/wp\/v2\/posts\/59959\/revisions\/59961"}],"wp:featuredmedia":[{"embeddable":true,"href":"https:\/\/eldiariodesanpedro.com.ar\/sitio\/wp-json\/wp\/v2\/media\/59960"}],"wp:attachment":[{"href":"https:\/\/eldiariodesanpedro.com.ar\/sitio\/wp-json\/wp\/v2\/media?parent=59959"}],"wp:term":[{"taxonomy":"category","embeddable":true,"href":"https:\/\/eldiariodesanpedro.com.ar\/sitio\/wp-json\/wp\/v2\/categories?post=59959"},{"taxonomy":"post_tag","embeddable":true,"href":"https:\/\/eldiariodesanpedro.com.ar\/sitio\/wp-json\/wp\/v2\/tags?post=59959"}],"curies":[{"name":"wp","href":"https:\/\/api.w.org\/{rel}","templated":true}]}}