{"id":59955,"date":"2019-09-13T10:27:39","date_gmt":"2019-09-13T13:27:39","guid":{"rendered":"https:\/\/eldiariodesanpedro.com.ar\/sitio\/?p=59955"},"modified":"2019-09-13T10:27:43","modified_gmt":"2019-09-13T13:27:43","slug":"zarate-evacuaron-el-juzgado-de-familia-por-una-amenaza-de-bomba","status":"publish","type":"post","link":"https:\/\/eldiariodesanpedro.com.ar\/sitio\/zarate-evacuaron-el-juzgado-de-familia-por-una-amenaza-de-bomba\/","title":{"rendered":"Z\u00c1RATE | Evacuaron el Juzgado de familia por una amenaza de bomba"},"content":{"rendered":"<!-- VideographyWP Plugin Message: Automatic video embedding prevented by plugin options. -->\n\n<p>Este jueves pasado, cerca de las 09:00, se produjo una amenaza de bomba en el Juzgado de Familia de Z\u00e1rate ubicado en la Avenida Mitre entre Justa Lima y 19 de marzo.<\/p>\n\n\n\n<p>Ante esta situaci\u00f3n se debi\u00f3 aplicar el protocolo de evacuaci\u00f3n de todas las personas que se encontraban en su interior para el posterior trabajo de la brigada antiexplosivos de San Isidro.<\/p>\n\n\n\n<p>Fuente: Impacto Local<\/p>\n","protected":false},"excerpt":{"rendered":"<p>Este jueves pasado, cerca de las 09:00, se produjo una amenaza de bomba en el Juzgado de Familia de Z\u00e1rate ubicado en la Avenida Mitre entre Justa Lima y 19 de marzo. Ante esta situaci\u00f3n se debi\u00f3 aplicar el protocolo de evacuaci\u00f3n de todas las personas que se encontraban en su interior para el posterior [&hellip;]<\/p>\n","protected":false},"author":4,"featured_media":59957,"comment_status":"open","ping_status":"closed","sticky":false,"template":"","format":"standard","meta":{"om_disable_all_campaigns":false,"_jetpack_memberships_contains_paid_content":false,"footnotes":""},"categories":[621],"tags":[],"class_list":["post-59955","post","type-post","status-publish","format-standard","has-post-thumbnail","hentry","category-regionales"],"aioseo_notices":[],"gutentor_comment":0,"jetpack_featured_media_url":"https:\/\/eldiariodesanpedro.com.ar\/sitio\/wp-content\/uploads\/2019\/09\/AMENAZA-BOMBA.jpg","jetpack_shortlink":"https:\/\/wp.me\/p6RhLt-fB1","jetpack_sharing_enabled":true,"_links":{"self":[{"href":"https:\/\/eldiariodesanpedro.com.ar\/sitio\/wp-json\/wp\/v2\/posts\/59955","targetHints":{"allow":["GET"]}}],"collection":[{"href":"https:\/\/eldiariodesanpedro.com.ar\/sitio\/wp-json\/wp\/v2\/posts"}],"about":[{"href":"https:\/\/eldiariodesanpedro.com.ar\/sitio\/wp-json\/wp\/v2\/types\/post"}],"author":[{"embeddable":true,"href":"https:\/\/eldiariodesanpedro.com.ar\/sitio\/wp-json\/wp\/v2\/users\/4"}],"replies":[{"embeddable":true,"href":"https:\/\/eldiariodesanpedro.com.ar\/sitio\/wp-json\/wp\/v2\/comments?post=59955"}],"version-history":[{"count":1,"href":"https:\/\/eldiariodesanpedro.com.ar\/sitio\/wp-json\/wp\/v2\/posts\/59955\/revisions"}],"predecessor-version":[{"id":59958,"href":"https:\/\/eldiariodesanpedro.com.ar\/sitio\/wp-json\/wp\/v2\/posts\/59955\/revisions\/59958"}],"wp:featuredmedia":[{"embeddable":true,"href":"https:\/\/eldiariodesanpedro.com.ar\/sitio\/wp-json\/wp\/v2\/media\/59957"}],"wp:attachment":[{"href":"https:\/\/eldiariodesanpedro.com.ar\/sitio\/wp-json\/wp\/v2\/media?parent=59955"}],"wp:term":[{"taxonomy":"category","embeddable":true,"href":"https:\/\/eldiariodesanpedro.com.ar\/sitio\/wp-json\/wp\/v2\/categories?post=59955"},{"taxonomy":"post_tag","embeddable":true,"href":"https:\/\/eldiariodesanpedro.com.ar\/sitio\/wp-json\/wp\/v2\/tags?post=59955"}],"curies":[{"name":"wp","href":"https:\/\/api.w.org\/{rel}","templated":true}]}}