{"id":59950,"date":"2019-09-13T10:25:59","date_gmt":"2019-09-13T13:25:59","guid":{"rendered":"https:\/\/eldiariodesanpedro.com.ar\/sitio\/?p=59950"},"modified":"2019-09-13T10:26:03","modified_gmt":"2019-09-13T13:26:03","slug":"zarate-campana-solidaria-un-dia-para-dar","status":"publish","type":"post","link":"https:\/\/eldiariodesanpedro.com.ar\/sitio\/zarate-campana-solidaria-un-dia-para-dar\/","title":{"rendered":"Z\u00c1RATE | Campa\u00f1a solidaria \u00abUn d\u00eda para dar\u00bb"},"content":{"rendered":"<!-- VideographyWP Plugin Message: Automatic video embedding prevented by plugin options. -->\n\n<p><strong>El objetivo de compartir la necesidad e importancia de que movimiento global que busca incentivar y multiplicar las acciones positivas y solidarias, proponiendo en todo el mundo al mismo tiempo, que todos pasemos a la acci\u00f3n: este a\u00f1o ser\u00e1 el d\u00eda 3 de diciembre, acompa\u00f1ando el impacto de instalar una nueva cultura solidaria en la que los protagonistas nos comprometamos ese d\u00eda a DAR o a HACER algo concreto.<\/strong><\/p>\n\n\n\n<p>n nuestra ciudad \u00abMujeres Solidarias\u00bb en conjunto con otras instituciones, decidieron impulsar \u00e9sta iniciativa difundi\u00e9ndola, promoviendo acciones y eventos solidarios a partir de este mes de septiembre, hasta el 3 de diciembre inclusive, para recaudar fondos y lograr comprar entre todos &nbsp;una heladera a gas envasado para &nbsp;la Escuela n\u00ba 25 de la zona de Isla y sumar necesidades de otras instituciones para ayudar.<\/p>\n\n\n\n<p>Colaborar con una ONG, Donar sangre, ofrecerte como voluntario, dedicar tiempo a quien lo necesita son solo algunos ejemplos. Es el puntapi\u00e9 inicial para seguir dando y promoviendo la solidaridad los otros 364 d\u00edas del a\u00f1o.<\/p>\n\n\n\n<p>Nacido en EEUU en el a\u00f1o 2012 este movimiento busca instalarse en el calendario anual de cada pa\u00eds, como fecha que proporcione visibilidad a diferentes causas relacionadas con el bien com\u00fan y generando el marco perfecto para llevar adelante acciones de trasformaci\u00f3n positiva y alto impacto social. Se busca movilizar a todos los ciudadanos, familias, organizaciones y empresas para que contribuyan en este d\u00eda mundial de la donaci\u00f3n, que este a\u00f1o se celebra el 03 de diciembre.<\/p>\n\n\n\n<p><em>Mujeres Solidarias en Acci\u00f3n de Zarate \/ Casa Solidaria: Av. Ant\u00e1rtida Argentina 3105<\/em>&nbsp;\u2013&nbsp;<em>Cel. 03487-15-407310<\/em><\/p>\n\n\n\n<p><strong>Fuente:&nbsp;<\/strong>Noticias Z\u00e1rate Alerta<\/p>\n","protected":false},"excerpt":{"rendered":"<p>El objetivo de compartir la necesidad e importancia de que movimiento global que busca incentivar y multiplicar las acciones positivas y solidarias, proponiendo en todo el mundo al mismo tiempo, que todos pasemos a la acci\u00f3n: este a\u00f1o ser\u00e1 el d\u00eda 3 de diciembre, acompa\u00f1ando el impacto de instalar una nueva cultura solidaria en la [&hellip;]<\/p>\n","protected":false},"author":4,"featured_media":59951,"comment_status":"open","ping_status":"closed","sticky":false,"template":"","format":"standard","meta":{"om_disable_all_campaigns":false,"_jetpack_memberships_contains_paid_content":false,"footnotes":""},"categories":[621],"tags":[],"class_list":["post-59950","post","type-post","status-publish","format-standard","has-post-thumbnail","hentry","category-regionales"],"aioseo_notices":[],"gutentor_comment":0,"jetpack_featured_media_url":"https:\/\/eldiariodesanpedro.com.ar\/sitio\/wp-content\/uploads\/2019\/09\/yo-me-sumo-un-dia-para-dar.jpg","jetpack_shortlink":"https:\/\/wp.me\/p6RhLt-fAW","jetpack_sharing_enabled":true,"_links":{"self":[{"href":"https:\/\/eldiariodesanpedro.com.ar\/sitio\/wp-json\/wp\/v2\/posts\/59950","targetHints":{"allow":["GET"]}}],"collection":[{"href":"https:\/\/eldiariodesanpedro.com.ar\/sitio\/wp-json\/wp\/v2\/posts"}],"about":[{"href":"https:\/\/eldiariodesanpedro.com.ar\/sitio\/wp-json\/wp\/v2\/types\/post"}],"author":[{"embeddable":true,"href":"https:\/\/eldiariodesanpedro.com.ar\/sitio\/wp-json\/wp\/v2\/users\/4"}],"replies":[{"embeddable":true,"href":"https:\/\/eldiariodesanpedro.com.ar\/sitio\/wp-json\/wp\/v2\/comments?post=59950"}],"version-history":[{"count":1,"href":"https:\/\/eldiariodesanpedro.com.ar\/sitio\/wp-json\/wp\/v2\/posts\/59950\/revisions"}],"predecessor-version":[{"id":59953,"href":"https:\/\/eldiariodesanpedro.com.ar\/sitio\/wp-json\/wp\/v2\/posts\/59950\/revisions\/59953"}],"wp:featuredmedia":[{"embeddable":true,"href":"https:\/\/eldiariodesanpedro.com.ar\/sitio\/wp-json\/wp\/v2\/media\/59951"}],"wp:attachment":[{"href":"https:\/\/eldiariodesanpedro.com.ar\/sitio\/wp-json\/wp\/v2\/media?parent=59950"}],"wp:term":[{"taxonomy":"category","embeddable":true,"href":"https:\/\/eldiariodesanpedro.com.ar\/sitio\/wp-json\/wp\/v2\/categories?post=59950"},{"taxonomy":"post_tag","embeddable":true,"href":"https:\/\/eldiariodesanpedro.com.ar\/sitio\/wp-json\/wp\/v2\/tags?post=59950"}],"curies":[{"name":"wp","href":"https:\/\/api.w.org\/{rel}","templated":true}]}}