{"id":5995,"date":"2016-07-13T20:39:59","date_gmt":"2016-07-13T23:39:59","guid":{"rendered":"https:\/\/eldiariodesanpedro.com.ar\/sitio\/?p=5995"},"modified":"2016-07-13T20:39:59","modified_gmt":"2016-07-13T23:39:59","slug":"ascendieron-al-jefe-distrital-y-a-la-titular-de-la-comisaria-de-la-mujer-y-la-familia","status":"publish","type":"post","link":"https:\/\/eldiariodesanpedro.com.ar\/sitio\/ascendieron-al-jefe-distrital-y-a-la-titular-de-la-comisaria-de-la-mujer-y-la-familia\/","title":{"rendered":"Ascendieron al jefe distrital y a la titular de la Comisar\u00eda de la Mujer y la Familia"},"content":{"rendered":"<p><!-- VideographyWP Plugin Message: Automatic video embedding prevented by plugin options. --><br \/>\nEl jefe distrital Fabi\u00e1n Gallo fue ascendido a comisario inspector, mientras que la titular de la Comisar\u00eda de la Mujer y la Familia, Daniela Garc\u00eda, a subcomisario. La noticia se conoci\u00f3 luego de su publicaci\u00f3n en el bolet\u00edn informativo de la fuerza policial.<br \/>\nEn declaraciones a nuestro medio, Gallo manifest\u00f3 que por el momento continuar\u00e1 al frente de la Jefatura Distrital, si es que no hay otra disposici\u00f3n de la superioridad.<\/p>\n","protected":false},"excerpt":{"rendered":"<p>El jefe distrital Fabi\u00e1n Gallo fue ascendido a comisario inspector, mientras que la titular de la Comisar\u00eda de la Mujer y la Familia, Daniela Garc\u00eda, a subcomisario. La noticia se conoci\u00f3 luego de su publicaci\u00f3n en el bolet\u00edn informativo de la fuerza policial. En declaraciones a nuestro medio, Gallo manifest\u00f3 que por el momento continuar\u00e1 [&hellip;]<\/p>\n","protected":false},"author":4,"featured_media":5996,"comment_status":"open","ping_status":"closed","sticky":false,"template":"","format":"standard","meta":{"om_disable_all_campaigns":false,"_jetpack_memberships_contains_paid_content":false,"footnotes":""},"categories":[50,2,103],"tags":[],"class_list":["post-5995","post","type-post","status-publish","format-standard","has-post-thumbnail","hentry","category-destacadas","category-locales","category-policiales-locales"],"aioseo_notices":[],"gutentor_comment":0,"jetpack_featured_media_url":"https:\/\/eldiariodesanpedro.com.ar\/sitio\/wp-content\/uploads\/2016\/07\/garcia-gallo.jpg","jetpack_shortlink":"https:\/\/wp.me\/p6RhLt-1yH","jetpack_sharing_enabled":true,"_links":{"self":[{"href":"https:\/\/eldiariodesanpedro.com.ar\/sitio\/wp-json\/wp\/v2\/posts\/5995","targetHints":{"allow":["GET"]}}],"collection":[{"href":"https:\/\/eldiariodesanpedro.com.ar\/sitio\/wp-json\/wp\/v2\/posts"}],"about":[{"href":"https:\/\/eldiariodesanpedro.com.ar\/sitio\/wp-json\/wp\/v2\/types\/post"}],"author":[{"embeddable":true,"href":"https:\/\/eldiariodesanpedro.com.ar\/sitio\/wp-json\/wp\/v2\/users\/4"}],"replies":[{"embeddable":true,"href":"https:\/\/eldiariodesanpedro.com.ar\/sitio\/wp-json\/wp\/v2\/comments?post=5995"}],"version-history":[{"count":1,"href":"https:\/\/eldiariodesanpedro.com.ar\/sitio\/wp-json\/wp\/v2\/posts\/5995\/revisions"}],"predecessor-version":[{"id":5997,"href":"https:\/\/eldiariodesanpedro.com.ar\/sitio\/wp-json\/wp\/v2\/posts\/5995\/revisions\/5997"}],"wp:featuredmedia":[{"embeddable":true,"href":"https:\/\/eldiariodesanpedro.com.ar\/sitio\/wp-json\/wp\/v2\/media\/5996"}],"wp:attachment":[{"href":"https:\/\/eldiariodesanpedro.com.ar\/sitio\/wp-json\/wp\/v2\/media?parent=5995"}],"wp:term":[{"taxonomy":"category","embeddable":true,"href":"https:\/\/eldiariodesanpedro.com.ar\/sitio\/wp-json\/wp\/v2\/categories?post=5995"},{"taxonomy":"post_tag","embeddable":true,"href":"https:\/\/eldiariodesanpedro.com.ar\/sitio\/wp-json\/wp\/v2\/tags?post=5995"}],"curies":[{"name":"wp","href":"https:\/\/api.w.org\/{rel}","templated":true}]}}