{"id":59947,"date":"2019-09-13T10:19:29","date_gmt":"2019-09-13T13:19:29","guid":{"rendered":"https:\/\/eldiariodesanpedro.com.ar\/sitio\/?p=59947"},"modified":"2019-09-13T10:19:33","modified_gmt":"2019-09-13T13:19:33","slug":"san-nicolas-esperan-para-el-martes-el-arribo-de-las-nuevas-gruas-para-el-puerto","status":"publish","type":"post","link":"https:\/\/eldiariodesanpedro.com.ar\/sitio\/san-nicolas-esperan-para-el-martes-el-arribo-de-las-nuevas-gruas-para-el-puerto\/","title":{"rendered":"SAN NICOL\u00c1S | Esperan para el martes el arribo de las nuevas gr\u00faas para el puerto"},"content":{"rendered":"<!-- VideographyWP Plugin Message: Automatic video embedding prevented by plugin options. -->\n\n<p>D\u00edas atr\u00e1s tuvo lugar la segunda reuni\u00f3n del pleno de miembros que integran el consorcio que administra al puerto de San Nicol\u00e1s. Entre otros tema, en la reuni\u00f3n se inform\u00f3 que el pr\u00f3ximo martes 17 de septiembre estar\u00edan arribando a la ciudad las dos nuevas gr\u00faas adquiridas por Provincia mediante recursos aportados por el FonPlata, y que servir\u00e1n para renovar la infraestructura de operaciones en muelle. La informaci\u00f3n la confi\u00f3 a EL NORTE uno de los presentes en la reuni\u00f3n.<\/p>\n\n\n\n<p>La llegada de las gr\u00faas se demor\u00f3 m\u00e1s de lo previsto, aunque finalmente se concretar\u00eda la pr\u00f3xima semana y se aguarda que pocos d\u00edas despu\u00e9s de instaladas puedan comenzar a testearse.<br>\nSe trata de una adquisici\u00f3n llave en mano de \u00faltima generaci\u00f3n. Las estructuras permitir\u00e1n operar hasta 34 toneladas de carga, con mayor radio de manejo y velocidades de ascenso y descenso. La adjudicaci\u00f3n comprende la provisi\u00f3n, instalaci\u00f3n, puesta en servicio y mantenimiento durante un plazo determinado, provisi\u00f3n de repuestos y cursos de capacitaci\u00f3n para el personal operativo y de mantenimiento.<br>\nEstas dos nuevas unidades se sumar\u00e1n a las seis ya instaladas. Falta decidir si estas ser\u00e1n reparadas en su totalidad para que funcione como equipo auxiliar o algunas de ellas ser\u00e1n dadas de baja.<\/p>\n\n\n\n<p><strong>Otros temas<\/strong><br> Adem\u00e1s, en la reuni\u00f3n se trat\u00f3 el pase de trabajadores del \u00e1mbito de Provincia al consorcio. Se dispuso una fecha l\u00edmite para que cada trabajador tome la decisi\u00f3n. Hay una importante cantidad de trabajadores que optar\u00edan por iniciar los tr\u00e1mites jubilatorios, obviamente, entre quienes ya est\u00e1n en condiciones de hacerlo.<br> En tanto los miembros del consorcio aprobaron la compra de un container que se adaptar\u00e1 como sala de primeros auxilios para brindar atenci\u00f3n a trabajadores ante cualquier eventualidad, las 24 horas. Una vez que concretada la compra, el consorcio deber\u00e1 invertir en el equipamiento m\u00e9dico necesario para dar asistencia en emergencias, como un desfibrilador, m\u00e1scaras de RCP, respirador de transporte, etc.<br> Tambi\u00e9n se aprob\u00f3 la compra de un container de 12 metros que se adaptar\u00e1 como sala comedor para los trabajadores, o bien lugar de espera para la descarga de barcos que tocan muelle.<\/p>\n\n\n\n<p>Fuente: Diario El Norte<\/p>\n","protected":false},"excerpt":{"rendered":"<p>D\u00edas atr\u00e1s tuvo lugar la segunda reuni\u00f3n del pleno de miembros que integran el consorcio que administra al puerto de San Nicol\u00e1s. Entre otros tema, en la reuni\u00f3n se inform\u00f3 que el pr\u00f3ximo martes 17 de septiembre estar\u00edan arribando a la ciudad las dos nuevas gr\u00faas adquiridas por Provincia mediante recursos aportados por el FonPlata, [&hellip;]<\/p>\n","protected":false},"author":4,"featured_media":59948,"comment_status":"open","ping_status":"closed","sticky":false,"template":"","format":"standard","meta":{"om_disable_all_campaigns":false,"_jetpack_memberships_contains_paid_content":false,"footnotes":""},"categories":[621],"tags":[],"class_list":["post-59947","post","type-post","status-publish","format-standard","has-post-thumbnail","hentry","category-regionales"],"aioseo_notices":[],"gutentor_comment":0,"jetpack_featured_media_url":"https:\/\/eldiariodesanpedro.com.ar\/sitio\/wp-content\/uploads\/2019\/09\/0-6.jpg","jetpack_shortlink":"https:\/\/wp.me\/p6RhLt-fAT","jetpack_sharing_enabled":true,"_links":{"self":[{"href":"https:\/\/eldiariodesanpedro.com.ar\/sitio\/wp-json\/wp\/v2\/posts\/59947","targetHints":{"allow":["GET"]}}],"collection":[{"href":"https:\/\/eldiariodesanpedro.com.ar\/sitio\/wp-json\/wp\/v2\/posts"}],"about":[{"href":"https:\/\/eldiariodesanpedro.com.ar\/sitio\/wp-json\/wp\/v2\/types\/post"}],"author":[{"embeddable":true,"href":"https:\/\/eldiariodesanpedro.com.ar\/sitio\/wp-json\/wp\/v2\/users\/4"}],"replies":[{"embeddable":true,"href":"https:\/\/eldiariodesanpedro.com.ar\/sitio\/wp-json\/wp\/v2\/comments?post=59947"}],"version-history":[{"count":1,"href":"https:\/\/eldiariodesanpedro.com.ar\/sitio\/wp-json\/wp\/v2\/posts\/59947\/revisions"}],"predecessor-version":[{"id":59949,"href":"https:\/\/eldiariodesanpedro.com.ar\/sitio\/wp-json\/wp\/v2\/posts\/59947\/revisions\/59949"}],"wp:featuredmedia":[{"embeddable":true,"href":"https:\/\/eldiariodesanpedro.com.ar\/sitio\/wp-json\/wp\/v2\/media\/59948"}],"wp:attachment":[{"href":"https:\/\/eldiariodesanpedro.com.ar\/sitio\/wp-json\/wp\/v2\/media?parent=59947"}],"wp:term":[{"taxonomy":"category","embeddable":true,"href":"https:\/\/eldiariodesanpedro.com.ar\/sitio\/wp-json\/wp\/v2\/categories?post=59947"},{"taxonomy":"post_tag","embeddable":true,"href":"https:\/\/eldiariodesanpedro.com.ar\/sitio\/wp-json\/wp\/v2\/tags?post=59947"}],"curies":[{"name":"wp","href":"https:\/\/api.w.org\/{rel}","templated":true}]}}