{"id":59944,"date":"2019-09-13T10:16:37","date_gmt":"2019-09-13T13:16:37","guid":{"rendered":"https:\/\/eldiariodesanpedro.com.ar\/sitio\/?p=59944"},"modified":"2019-09-13T10:16:41","modified_gmt":"2019-09-13T13:16:41","slug":"san-nicolas-olvido-poner-el-freno-de-mano-y-el-auto-se-hundio-en-el-yaguaron","status":"publish","type":"post","link":"https:\/\/eldiariodesanpedro.com.ar\/sitio\/san-nicolas-olvido-poner-el-freno-de-mano-y-el-auto-se-hundio-en-el-yaguaron\/","title":{"rendered":"SAN NICOL\u00c1S | Olvid\u00f3 poner el freno de mano y el auto se hundi\u00f3 en el Yaguar\u00f3n"},"content":{"rendered":"<!-- VideographyWP Plugin Message: Automatic video embedding prevented by plugin options. -->\n\n<p>\n\nEl hecho tuvo lugar en la ma\u00f1ana de este viernes y afortunadamente no hubo que lamentar v\u00edctimas.<\/p>\n\n\n\n<p>La due\u00f1a del auto Volkswagen Gol es una docente que esperaba la llegada de los chicos del Jard\u00edn de Infantes para realizar una actividad en el Parque Rafael de Aguiar.<\/p>\n\n\n\n<p>Dej\u00f3 el auto estacionado a metros de la barranca, frente al Complejo Renton sin colocar el freno de mano. En el lugar hab\u00eda una leve pendiente, y el veh\u00edculo cay\u00f3 al arroyo Yaguar\u00f3n, hundi\u00e9ndose r\u00e1pidamente.<\/p>\n\n\n\n<p>Personal de Polic\u00eda Local se encuentra en el lugar a la espera del prefectura naval, Bomberos y una gr\u00faa. <\/p>\n\n\n\n<p>Fuente: Diario El Informante<\/p>\n","protected":false},"excerpt":{"rendered":"<p>El hecho tuvo lugar en la ma\u00f1ana de este viernes y afortunadamente no hubo que lamentar v\u00edctimas. La due\u00f1a del auto Volkswagen Gol es una docente que esperaba la llegada de los chicos del Jard\u00edn de Infantes para realizar una actividad en el Parque Rafael de Aguiar. Dej\u00f3 el auto estacionado a metros de la [&hellip;]<\/p>\n","protected":false},"author":4,"featured_media":59945,"comment_status":"open","ping_status":"closed","sticky":false,"template":"","format":"standard","meta":{"om_disable_all_campaigns":false,"_jetpack_memberships_contains_paid_content":false,"footnotes":""},"categories":[621],"tags":[],"class_list":["post-59944","post","type-post","status-publish","format-standard","has-post-thumbnail","hentry","category-regionales"],"aioseo_notices":[],"gutentor_comment":0,"jetpack_featured_media_url":"https:\/\/eldiariodesanpedro.com.ar\/sitio\/wp-content\/uploads\/2019\/09\/conmarca22112.jpg","jetpack_shortlink":"https:\/\/wp.me\/p6RhLt-fAQ","jetpack_sharing_enabled":true,"_links":{"self":[{"href":"https:\/\/eldiariodesanpedro.com.ar\/sitio\/wp-json\/wp\/v2\/posts\/59944","targetHints":{"allow":["GET"]}}],"collection":[{"href":"https:\/\/eldiariodesanpedro.com.ar\/sitio\/wp-json\/wp\/v2\/posts"}],"about":[{"href":"https:\/\/eldiariodesanpedro.com.ar\/sitio\/wp-json\/wp\/v2\/types\/post"}],"author":[{"embeddable":true,"href":"https:\/\/eldiariodesanpedro.com.ar\/sitio\/wp-json\/wp\/v2\/users\/4"}],"replies":[{"embeddable":true,"href":"https:\/\/eldiariodesanpedro.com.ar\/sitio\/wp-json\/wp\/v2\/comments?post=59944"}],"version-history":[{"count":1,"href":"https:\/\/eldiariodesanpedro.com.ar\/sitio\/wp-json\/wp\/v2\/posts\/59944\/revisions"}],"predecessor-version":[{"id":59946,"href":"https:\/\/eldiariodesanpedro.com.ar\/sitio\/wp-json\/wp\/v2\/posts\/59944\/revisions\/59946"}],"wp:featuredmedia":[{"embeddable":true,"href":"https:\/\/eldiariodesanpedro.com.ar\/sitio\/wp-json\/wp\/v2\/media\/59945"}],"wp:attachment":[{"href":"https:\/\/eldiariodesanpedro.com.ar\/sitio\/wp-json\/wp\/v2\/media?parent=59944"}],"wp:term":[{"taxonomy":"category","embeddable":true,"href":"https:\/\/eldiariodesanpedro.com.ar\/sitio\/wp-json\/wp\/v2\/categories?post=59944"},{"taxonomy":"post_tag","embeddable":true,"href":"https:\/\/eldiariodesanpedro.com.ar\/sitio\/wp-json\/wp\/v2\/tags?post=59944"}],"curies":[{"name":"wp","href":"https:\/\/api.w.org\/{rel}","templated":true}]}}