{"id":59940,"date":"2019-09-13T10:02:41","date_gmt":"2019-09-13T13:02:41","guid":{"rendered":"https:\/\/eldiariodesanpedro.com.ar\/sitio\/?p=59940"},"modified":"2019-09-13T10:02:46","modified_gmt":"2019-09-13T13:02:46","slug":"historico-el-13-de-octubre-sera-el-dia-del-deportista-sampedrino","status":"publish","type":"post","link":"https:\/\/eldiariodesanpedro.com.ar\/sitio\/historico-el-13-de-octubre-sera-el-dia-del-deportista-sampedrino\/","title":{"rendered":"Hist\u00f3rico: El 13 de octubre ser\u00e1 el \u201cD\u00eda del Deportista Sampedrino\u201d"},"content":{"rendered":"<!-- VideographyWP Plugin Message: Automatic video embedding prevented by plugin options. -->\n\n<p>En forma un\u00e1nime el HCD aprob\u00f3 el proyecto enviado por el C\u00edrculo de Periodistas Deportivos de San Pedro. A partir del 13 de octubre se celebrar\u00e1 el D\u00eda del Deportista Sampedrino.<\/p>\n\n\n\n<p>El Honorable Concejo Deliberante de San Pedro aprob\u00f3 este jueves el proyecto ideado por el C\u00edrculo de Periodistas Deportivos de San Pedro quien propuso que todos los 13 de octubre se celebre el D\u00eda del Deportista Sampedrino.<\/p>\n\n\n\n<p>Sin dudas, se trata de un hecho hist\u00f3rico que perdurar\u00e1 con el paso del tiempo y que sin dudas tomar\u00e1 mayor volumen con el paso de los a\u00f1os en base a los logros obtenidos por los deportistas de la ciudad.<\/p>\n\n\n\n<p><strong>EL PROYECTO<br><em>\u201cLos periodistas que conformamos el C\u00edrculo de Periodistas Deportivos de San Pedro proponemos que el 13 de octubre sea declarado por el Honorable Concejo Deliberante como el \u201cD\u00eda del Deportista de San Pedro.<\/em><\/strong><\/p>\n\n\n\n<p><strong><em>Se basa en la hist\u00f3rica jornada que el partido vivi\u00f3 ese d\u00eda de 2018 con la medalla de oro de Dante Cittadini en la clase nacra 15 de vela y la de bronce de Valent\u00edn Rossi en canotaje, ambas en los Juegos Ol\u00edmpicos de la Juventud Buenos Aires 2018 que fue el primero de la especialidad organizado en Argentina y convoc\u00f3 a millones de compatriotas en los diferentes parques de Capital Federal.<\/em><\/strong><\/p>\n\n\n\n<p><strong><em>San Pedro carece de un d\u00eda en el que se reconozca a sus deportistas, sean amateurs, semiprofesionales o profesionales, y la iniciativa tiene como prop\u00f3sito asentar la fecha para no s\u00f3lo recordar a los j\u00f3venes medallistas sino tambi\u00e9n incentivar a que los ciudadanos locales, sobre todo los chicos, practiquen deportes.<\/em><\/strong><\/p>\n\n\n\n<p><strong><em>Son muchos los deportistas de la ciudad que, a lo largo de la historia, han logrado gestas deportivas dignas de destacar. Sin embargo, la elecci\u00f3n del 13 de octubre por parte del CPDSP no implica relegar a personalidades de la talla de Agenor Almada, Silvio Veo, Osvaldo Morresi, Julio Alsogaray, Brenda Rojas o Lorenzo Garc\u00eda, por mencionar algunos; sino que radica en que el olimpismo es el movimiento atl\u00e9tico m\u00e1s importante del mundo y llega a todo el planeta albergando personas de diferentes pa\u00edses, razas, culturas, costumbres, idiomas, etc\u00e9tera.\u00a0 Y fue entre ellos, en su propia tierra y un mismo d\u00eda con diferencia de algunas horas que Cittadini y Rossi lograron sobresalir y dejar bien en alto la bandera de Argentina.<\/em><\/strong><\/p>\n\n\n\n<p><strong><em>El objetivo de la entidad es que cada 13 de octubre en adelante organizar un evento para agasajar a diferentes deportistas que sentaron precedentes y alegraron a miles de conciudadanos con sus andanzas con una pelota, en un barco o en la disciplina que fuese.<\/em><\/strong><\/p>\n\n\n\n<p><strong><em>Por \u00faltimo, destacar que si bien en el futuro sampedrinos lograr\u00e1n importantes premios en cert\u00e1menes internacionales, ser\u00e1 dif\u00edcil que coincidan dos medallas en un juego ol\u00edmpico y un mismo d\u00eda. Incluso, Argentina reci\u00e9n consigui\u00f3 dicho privilegio en Atenas 2004 con los oros de las selecciones de f\u00fatbol y b\u00e1squet, y en la actualidad ese 28 de agosto persiste en la memoria de todos los argentinos y la vitrina m\u00e1s importante\u201d.<\/em><\/strong><\/p>\n\n\n\n<figure class=\"wp-block-image\"><img decoding=\"async\" width=\"1024\" height=\"768\" data-attachment-id=\"59941\" data-permalink=\"https:\/\/eldiariodesanpedro.com.ar\/sitio\/historico-el-13-de-octubre-sera-el-dia-del-deportista-sampedrino\/attachment\/000079741\/\" data-orig-file=\"https:\/\/eldiariodesanpedro.com.ar\/sitio\/wp-content\/uploads\/2019\/09\/000079741.jpg\" data-orig-size=\"1024,768\" data-comments-opened=\"1\" data-image-meta=\"{&quot;aperture&quot;:&quot;0&quot;,&quot;credit&quot;:&quot;&quot;,&quot;camera&quot;:&quot;&quot;,&quot;caption&quot;:&quot;&quot;,&quot;created_timestamp&quot;:&quot;0&quot;,&quot;copyright&quot;:&quot;&quot;,&quot;focal_length&quot;:&quot;0&quot;,&quot;iso&quot;:&quot;0&quot;,&quot;shutter_speed&quot;:&quot;0&quot;,&quot;title&quot;:&quot;&quot;,&quot;orientation&quot;:&quot;0&quot;}\" data-image-title=\"000079741\" data-image-description=\"\" data-image-caption=\"\" data-large-file=\"https:\/\/eldiariodesanpedro.com.ar\/sitio\/wp-content\/uploads\/2019\/09\/000079741-1024x768.jpg\" data-src=\"https:\/\/eldiariodesanpedro.com.ar\/sitio\/wp-content\/uploads\/2019\/09\/000079741-1024x768.jpg\" alt=\"\" class=\"wp-image-59941 lazyload\" data-srcset=\"https:\/\/eldiariodesanpedro.com.ar\/sitio\/wp-content\/uploads\/2019\/09\/000079741.jpg 1024w, https:\/\/eldiariodesanpedro.com.ar\/sitio\/wp-content\/uploads\/2019\/09\/000079741-300x225.jpg 300w, https:\/\/eldiariodesanpedro.com.ar\/sitio\/wp-content\/uploads\/2019\/09\/000079741-768x576.jpg 768w\" data-sizes=\"(max-width: 1024px) 100vw, 1024px\" src=\"data:image\/svg+xml;base64,PHN2ZyB3aWR0aD0iMSIgaGVpZ2h0PSIxIiB4bWxucz0iaHR0cDovL3d3dy53My5vcmcvMjAwMC9zdmciPjwvc3ZnPg==\" style=\"--smush-placeholder-width: 1024px; --smush-placeholder-aspect-ratio: 1024\/768;\" \/><\/figure>\n\n\n\n<p>Fuente: <a href=\"https:\/\/www.sanpedroinforma.com.ar\/portada.html\">San Pedro Informa<\/a><\/p>\n","protected":false},"excerpt":{"rendered":"<p>En forma un\u00e1nime el HCD aprob\u00f3 el proyecto enviado por el C\u00edrculo de Periodistas Deportivos de San Pedro. A partir del 13 de octubre se celebrar\u00e1 el D\u00eda del Deportista Sampedrino. El Honorable Concejo Deliberante de San Pedro aprob\u00f3 este jueves el proyecto ideado por el C\u00edrculo de Periodistas Deportivos de San Pedro quien propuso [&hellip;]<\/p>\n","protected":false},"author":4,"featured_media":59942,"comment_status":"open","ping_status":"closed","sticky":false,"template":"","format":"standard","meta":{"om_disable_all_campaigns":false,"_jetpack_memberships_contains_paid_content":false,"footnotes":""},"categories":[101,2],"tags":[],"class_list":["post-59940","post","type-post","status-publish","format-standard","has-post-thumbnail","hentry","category-interes-general-locales","category-locales"],"aioseo_notices":[],"gutentor_comment":0,"jetpack_featured_media_url":"https:\/\/eldiariodesanpedro.com.ar\/sitio\/wp-content\/uploads\/2019\/09\/000079757.jpg","jetpack_shortlink":"https:\/\/wp.me\/p6RhLt-fAM","jetpack_sharing_enabled":true,"_links":{"self":[{"href":"https:\/\/eldiariodesanpedro.com.ar\/sitio\/wp-json\/wp\/v2\/posts\/59940","targetHints":{"allow":["GET"]}}],"collection":[{"href":"https:\/\/eldiariodesanpedro.com.ar\/sitio\/wp-json\/wp\/v2\/posts"}],"about":[{"href":"https:\/\/eldiariodesanpedro.com.ar\/sitio\/wp-json\/wp\/v2\/types\/post"}],"author":[{"embeddable":true,"href":"https:\/\/eldiariodesanpedro.com.ar\/sitio\/wp-json\/wp\/v2\/users\/4"}],"replies":[{"embeddable":true,"href":"https:\/\/eldiariodesanpedro.com.ar\/sitio\/wp-json\/wp\/v2\/comments?post=59940"}],"version-history":[{"count":1,"href":"https:\/\/eldiariodesanpedro.com.ar\/sitio\/wp-json\/wp\/v2\/posts\/59940\/revisions"}],"predecessor-version":[{"id":59943,"href":"https:\/\/eldiariodesanpedro.com.ar\/sitio\/wp-json\/wp\/v2\/posts\/59940\/revisions\/59943"}],"wp:featuredmedia":[{"embeddable":true,"href":"https:\/\/eldiariodesanpedro.com.ar\/sitio\/wp-json\/wp\/v2\/media\/59942"}],"wp:attachment":[{"href":"https:\/\/eldiariodesanpedro.com.ar\/sitio\/wp-json\/wp\/v2\/media?parent=59940"}],"wp:term":[{"taxonomy":"category","embeddable":true,"href":"https:\/\/eldiariodesanpedro.com.ar\/sitio\/wp-json\/wp\/v2\/categories?post=59940"},{"taxonomy":"post_tag","embeddable":true,"href":"https:\/\/eldiariodesanpedro.com.ar\/sitio\/wp-json\/wp\/v2\/tags?post=59940"}],"curies":[{"name":"wp","href":"https:\/\/api.w.org\/{rel}","templated":true}]}}