{"id":59934,"date":"2019-09-13T10:54:55","date_gmt":"2019-09-13T13:54:55","guid":{"rendered":"https:\/\/eldiariodesanpedro.com.ar\/sitio\/?p=59934"},"modified":"2019-09-13T10:54:59","modified_gmt":"2019-09-13T13:54:59","slug":"betty-rodriguez-recibio-un-premio-por-su-destacada-labor-y-trayectoria-en-conduccion-en-el-programa-sol-tv","status":"publish","type":"post","link":"https:\/\/eldiariodesanpedro.com.ar\/sitio\/betty-rodriguez-recibio-un-premio-por-su-destacada-labor-y-trayectoria-en-conduccion-en-el-programa-sol-tv\/","title":{"rendered":"Betty Rodriguez recibi\u00f3 un premio por su destacada labor y trayectoria en conducci\u00f3n en el programa Sol TV"},"content":{"rendered":"<!-- VideographyWP Plugin Message: Automatic video embedding prevented by plugin options. -->\n\n<p>Este jueves 12 de septiembre se llevo a cabo en la ciudad de La Plata la XXVIII edici\u00f3n de los Premios Caduceo que otorga el Consejo Profesional de Ciencias Econ\u00f3micas de la Provincia de Buenos Aires.  El mismo convoca a medios de comunicaci\u00f3n y comunicadores que desarrollan su actividad dentro del extenso territorio bonaerense para hacerles entrega del premio Caduceo. Sol TV San Pedro fue uno de los 45 elegidos  por su destacada labor y trayectoria en conducci\u00f3n de la periodista Betty Rodriguez quien form\u00f3 parte de nuestra redacci\u00f3n tambi\u00e9n y admiramos much\u00edsimo.<\/p>\n\n\n\n<p>El\u00a0Consejo\u00a0Profesional de Ciencias Econ\u00f3micas de la Provincia de Buenos Aires (CPBA) presento el listado de los premiados de la XXVIII Edici\u00f3n del Premio Caduceo, galard\u00f3n que entrega desde 1992 donde forma parte la periodista y conductora Betty Rodriguez de nuestra ciudad.<\/p>\n\n\n\n<figure class=\"wp-block-image\"><img decoding=\"async\" width=\"1024\" height=\"588\" data-attachment-id=\"59962\" data-permalink=\"https:\/\/eldiariodesanpedro.com.ar\/sitio\/img_20190913_102953908\/\" data-orig-file=\"https:\/\/eldiariodesanpedro.com.ar\/sitio\/wp-content\/uploads\/2019\/09\/IMG_20190913_102953908.jpg\" data-orig-size=\"3689,2119\" data-comments-opened=\"1\" data-image-meta=\"{&quot;aperture&quot;:&quot;2.2&quot;,&quot;credit&quot;:&quot;&quot;,&quot;camera&quot;:&quot;motorola one&quot;,&quot;caption&quot;:&quot;&quot;,&quot;created_timestamp&quot;:&quot;1568370594&quot;,&quot;copyright&quot;:&quot;&quot;,&quot;focal_length&quot;:&quot;3.463&quot;,&quot;iso&quot;:&quot;203&quot;,&quot;shutter_speed&quot;:&quot;0.03030303030303&quot;,&quot;title&quot;:&quot;&quot;,&quot;orientation&quot;:&quot;1&quot;}\" data-image-title=\"IMG_20190913_102953908\" data-image-description=\"\" data-image-caption=\"\" data-large-file=\"https:\/\/eldiariodesanpedro.com.ar\/sitio\/wp-content\/uploads\/2019\/09\/IMG_20190913_102953908-1024x588.jpg\" data-src=\"https:\/\/eldiariodesanpedro.com.ar\/sitio\/wp-content\/uploads\/2019\/09\/IMG_20190913_102953908-1024x588.jpg\" alt=\"\" class=\"wp-image-59962 lazyload\" data-srcset=\"https:\/\/eldiariodesanpedro.com.ar\/sitio\/wp-content\/uploads\/2019\/09\/IMG_20190913_102953908-1024x588.jpg 1024w, https:\/\/eldiariodesanpedro.com.ar\/sitio\/wp-content\/uploads\/2019\/09\/IMG_20190913_102953908-300x172.jpg 300w, https:\/\/eldiariodesanpedro.com.ar\/sitio\/wp-content\/uploads\/2019\/09\/IMG_20190913_102953908-768x441.jpg 768w\" data-sizes=\"(max-width: 1024px) 100vw, 1024px\" src=\"data:image\/svg+xml;base64,PHN2ZyB3aWR0aD0iMSIgaGVpZ2h0PSIxIiB4bWxucz0iaHR0cDovL3d3dy53My5vcmcvMjAwMC9zdmciPjwvc3ZnPg==\" style=\"--smush-placeholder-width: 1024px; --smush-placeholder-aspect-ratio: 1024\/588;\" \/><\/figure>\n\n\n\n<p>En el evento se entregaron estatuillas a un total de 45 premiados de localidades de toda la provincia en las categor\u00edas de radio, web, gr\u00e1fica y televisi\u00f3n. Adem\u00e1s, se otorgo el premio al Comunicador Bonaerense que este a\u00f1o lo recibi\u00f3 el ex futbolista, comentarista deportivo y conductor de TV Enrique \u201cQuique\u201d Wolff.<\/p>\n\n\n\n<p>Betty recibi\u00f3 el premio por su destacada labor y trayectoria en conducci\u00f3n en el programa Sol TV.<\/p>\n\n\n\n<figure class=\"wp-block-image\"><img decoding=\"async\" width=\"960\" height=\"540\" data-attachment-id=\"59952\" data-permalink=\"https:\/\/eldiariodesanpedro.com.ar\/sitio\/betty-rodriguez-recibio-un-premio-por-su-destacada-labor-y-trayectoria-en-conduccion-en-el-programa-sol-tv\/70097548_10156120690491652_3763787065343344640_n\/\" data-orig-file=\"https:\/\/eldiariodesanpedro.com.ar\/sitio\/wp-content\/uploads\/2019\/09\/70097548_10156120690491652_3763787065343344640_n.jpg\" data-orig-size=\"960,540\" data-comments-opened=\"1\" data-image-meta=\"{&quot;aperture&quot;:&quot;0&quot;,&quot;credit&quot;:&quot;&quot;,&quot;camera&quot;:&quot;&quot;,&quot;caption&quot;:&quot;&quot;,&quot;created_timestamp&quot;:&quot;0&quot;,&quot;copyright&quot;:&quot;&quot;,&quot;focal_length&quot;:&quot;0&quot;,&quot;iso&quot;:&quot;0&quot;,&quot;shutter_speed&quot;:&quot;0&quot;,&quot;title&quot;:&quot;&quot;,&quot;orientation&quot;:&quot;0&quot;}\" data-image-title=\"70097548_10156120690491652_3763787065343344640_n\" data-image-description=\"\" data-image-caption=\"\" data-large-file=\"https:\/\/eldiariodesanpedro.com.ar\/sitio\/wp-content\/uploads\/2019\/09\/70097548_10156120690491652_3763787065343344640_n.jpg\" data-src=\"https:\/\/eldiariodesanpedro.com.ar\/sitio\/wp-content\/uploads\/2019\/09\/70097548_10156120690491652_3763787065343344640_n.jpg\" alt=\"\" class=\"wp-image-59952 lazyload\" data-srcset=\"https:\/\/eldiariodesanpedro.com.ar\/sitio\/wp-content\/uploads\/2019\/09\/70097548_10156120690491652_3763787065343344640_n.jpg 960w, https:\/\/eldiariodesanpedro.com.ar\/sitio\/wp-content\/uploads\/2019\/09\/70097548_10156120690491652_3763787065343344640_n-300x169.jpg 300w, https:\/\/eldiariodesanpedro.com.ar\/sitio\/wp-content\/uploads\/2019\/09\/70097548_10156120690491652_3763787065343344640_n-768x432.jpg 768w\" data-sizes=\"(max-width: 960px) 100vw, 960px\" src=\"data:image\/svg+xml;base64,PHN2ZyB3aWR0aD0iMSIgaGVpZ2h0PSIxIiB4bWxucz0iaHR0cDovL3d3dy53My5vcmcvMjAwMC9zdmciPjwvc3ZnPg==\" style=\"--smush-placeholder-width: 960px; --smush-placeholder-aspect-ratio: 960\/540;\" \/><\/figure>\n\n\n\n<h2 class=\"wp-block-heading\"><strong><em>Premio a Comunicadores y Medios Bonaerenses<\/em><\/strong><\/h2>\n\n\n\n<p>Desde 1992 el Consejo Profesional de Ciencias Econ\u00f3micas de la Provincia de Buenos Aires, convoca a medios de comunicaci\u00f3n y comunicadores que desarrollan su actividad dentro del extenso territorio bonaerense para hacerles entrega del premio Caduceo.<\/p>\n\n\n\n<p>La ceremonia del Premio Anual a Comunicadores y Medios Bonaerenses, conocido como \u201cCaduceo\u201d -s\u00edmbolo de la Paz y la Concordia-, se desarrolla anualmente y convoca cada a\u00f1o a m\u00e1s de 500 personas.<\/p>\n\n\n\n<p>Ya se han entregado m\u00e1s de mil doscientos galardones para distinguir a aquellos que se destacan por el contenido cultural, social, period\u00edstico, deportivo y comunitario de su mensaje.<\/p>\n\n\n\n<p>Debido a su trayectoria y al valor otorgado a la estatuilla por quienes se esfuerzan en obtenerla, los premios Caduceo se constituyen en un referente para los medios de la Provincia.<\/p>\n\n\n\n<p>Entre otras, las categor\u00edas que compiten son:<\/p>\n\n\n\n<ul class=\"wp-block-list\"><li>Gr\u00e1fica: mejor arte de tapa, mejor contenido editorial, mejor cobertura, mejores columnistas de las distintas secciones y mejores suplementos, entre otros.<\/li><li>Televisi\u00f3n: mejor programa, mejor cobertura, mejor conductor, mejor director y mejor producci\u00f3n, entre otros.<\/li><li>Radio: mejores programas de distintos rubros (period\u00edstico, musical en todos sus g\u00e9neros, comunitario, etc.) mejores conductores, locutores y relatores, entre otros.<\/li><li>Internet: mejor portal de noticias y mejor desarrollo tecnol\u00f3gico, entre otros.<\/li><\/ul>\n\n\n\n<p><strong>\u00bfQu\u00e9 es el caduceo?<\/strong><\/p>\n\n\n\n<p>El Caduceo representa a Mercurio, dios de la mitolog\u00eda griega, bautizado as\u00ed por los romanos tras la conquista.<\/p>\n\n\n\n<p>En la mitolog\u00eda romana se lo considera el dios del comercio. Adorado por ser el protector de los cambios, tr\u00e1fico y comercio en general, se le atribuye la invenci\u00f3n de los pesos y medidas.<\/p>\n\n\n\n<p>Escuelas y asociaciones empresariales y profesionales lo utilizan como emblema. Para el Consejo Profesional es la denominaci\u00f3n de la unidad de valor para atender los beneficios previsionales y sociales de la instituci\u00f3n.<\/p>\n\n\n\n<p>La estatuilla es una obra de la artista pl\u00e1stica Graciela Mart\u00ednez de Furioso.<\/p>\n\n\n\n<p><br><\/p>\n","protected":false},"excerpt":{"rendered":"<p>Este jueves 12 de septiembre se llevo a cabo en la ciudad de La Plata la XXVIII edici\u00f3n de los Premios Caduceo que otorga el Consejo Profesional de Ciencias Econ\u00f3micas de la Provincia de Buenos Aires. El mismo convoca a medios de comunicaci\u00f3n y comunicadores que desarrollan su actividad dentro del extenso territorio bonaerense para [&hellip;]<\/p>\n","protected":false},"author":4,"featured_media":59952,"comment_status":"open","ping_status":"closed","sticky":false,"template":"","format":"standard","meta":{"om_disable_all_campaigns":false,"_jetpack_memberships_contains_paid_content":false,"footnotes":""},"categories":[101,2],"tags":[],"class_list":["post-59934","post","type-post","status-publish","format-standard","has-post-thumbnail","hentry","category-interes-general-locales","category-locales"],"aioseo_notices":[],"gutentor_comment":0,"jetpack_featured_media_url":"https:\/\/eldiariodesanpedro.com.ar\/sitio\/wp-content\/uploads\/2019\/09\/70097548_10156120690491652_3763787065343344640_n.jpg","jetpack_shortlink":"https:\/\/wp.me\/p6RhLt-fAG","jetpack_sharing_enabled":true,"_links":{"self":[{"href":"https:\/\/eldiariodesanpedro.com.ar\/sitio\/wp-json\/wp\/v2\/posts\/59934","targetHints":{"allow":["GET"]}}],"collection":[{"href":"https:\/\/eldiariodesanpedro.com.ar\/sitio\/wp-json\/wp\/v2\/posts"}],"about":[{"href":"https:\/\/eldiariodesanpedro.com.ar\/sitio\/wp-json\/wp\/v2\/types\/post"}],"author":[{"embeddable":true,"href":"https:\/\/eldiariodesanpedro.com.ar\/sitio\/wp-json\/wp\/v2\/users\/4"}],"replies":[{"embeddable":true,"href":"https:\/\/eldiariodesanpedro.com.ar\/sitio\/wp-json\/wp\/v2\/comments?post=59934"}],"version-history":[{"count":1,"href":"https:\/\/eldiariodesanpedro.com.ar\/sitio\/wp-json\/wp\/v2\/posts\/59934\/revisions"}],"predecessor-version":[{"id":59974,"href":"https:\/\/eldiariodesanpedro.com.ar\/sitio\/wp-json\/wp\/v2\/posts\/59934\/revisions\/59974"}],"wp:featuredmedia":[{"embeddable":true,"href":"https:\/\/eldiariodesanpedro.com.ar\/sitio\/wp-json\/wp\/v2\/media\/59952"}],"wp:attachment":[{"href":"https:\/\/eldiariodesanpedro.com.ar\/sitio\/wp-json\/wp\/v2\/media?parent=59934"}],"wp:term":[{"taxonomy":"category","embeddable":true,"href":"https:\/\/eldiariodesanpedro.com.ar\/sitio\/wp-json\/wp\/v2\/categories?post=59934"},{"taxonomy":"post_tag","embeddable":true,"href":"https:\/\/eldiariodesanpedro.com.ar\/sitio\/wp-json\/wp\/v2\/tags?post=59934"}],"curies":[{"name":"wp","href":"https:\/\/api.w.org\/{rel}","templated":true}]}}