{"id":59926,"date":"2019-09-13T09:22:15","date_gmt":"2019-09-13T12:22:15","guid":{"rendered":"https:\/\/eldiariodesanpedro.com.ar\/sitio\/?p=59926"},"modified":"2019-09-13T09:22:19","modified_gmt":"2019-09-13T12:22:19","slug":"el-secretario-de-economia-confirmo-que-el-dinero-esta-para-pagar-el-bono-municipal","status":"publish","type":"post","link":"https:\/\/eldiariodesanpedro.com.ar\/sitio\/el-secretario-de-economia-confirmo-que-el-dinero-esta-para-pagar-el-bono-municipal\/","title":{"rendered":"El Secretario de Econom\u00eda confirmo que el dinero esta para pagar el bono municipal"},"content":{"rendered":"<!-- VideographyWP Plugin Message: Automatic video embedding prevented by plugin options. -->\n\n<p>Este jueves se dio por terminada la reuni\u00f3n entre Gremios y el Departamento del Ejecutivo donde se acord\u00f3 \u00a0el pago de un bono de 3 mil pesos a realizarse con los haberes de septiembre y ser\u00e1 no remunerativo. Fabian Rodriguez, el Secretario de Econom\u00eda confirmo a los medios locales que \u00abla plata esta, todav\u00eda estamos utilizando fondos propios\u00bb.<\/p>\n\n\n\n<p>Este plus de 3 mil pesos sumado al adelanto de paritarias que se  confirmo en la reuni\u00f3n trajo dudas  en la sociedad de saber si se pod\u00eda pagar o no, si estaba el dinero o no, recordemos que primeramente los gremios exig\u00edan un bono de 5 mil pesos lo que no fue aceptado por el ejecutivo, pasando a un cuarto intermedio porque de su lado se ofrec\u00edan 2 mil pesos.<\/p>\n\n\n\n<p>Finalmente este jueves finalizo la reuni\u00f3n y el Ejecutivo mejor\u00f3 la oferta inicial  y \u00a0tanto ATE como el STM\u00a0 percibir\u00e1n, por \u00fanica vez, un bono de 3 mil pesos no remunerativo, que cobrar\u00e1n en octubre. Adem\u00e1s el 7 de noviembre habr\u00e1 reapertura de paritarias.\u00a0 <\/p>\n\n\n\n<p>Desde el Municipio, Fabian Rodriguez, Secretario de Economia y Hacienda dialogo con los medios locales y conto que no deberia haber preocupacion por el pago porque \u00abla plata esta\u00bb, y explicaba:<\/p>\n\n\n\n<p>\u00abEstamos haciendo un esfuerzo, no nos estaba sobrando margen para sumar este bono pero ES UN PLUS que no es remunerativo, no genera otro gasto, si vamos a realizar algunos ajustes para llegar a cumplir con todo de ac\u00e1 a fin de a\u00f1o seguramente\u00bb<\/p>\n\n\n\n<p>\u00abDesde el a\u00f1o pasado venimos pagando aguinaldo con fondos propios, ahora estamos echando mano a la reserva para llegar a cumplir con los trabajadores\u00bb<\/p>\n\n\n\n<p>\u00abEl dinero esta pero para seguir con esta l\u00f3gica de pagar con fondos propios, debemos tomar alg\u00fan fondo afectado,  despu\u00e9s se devolver\u00e1, el fondo sojero por ejemplo, hay que recortar gastos tambi\u00e9n, por suerte la recaudaci\u00f3n de tasas no se vio afectada, en lo econ\u00f3mico la operaci\u00f3n en base de la inflaci\u00f3n se incrementa en el importe , el indice de cobrabilidad no se modifico casi, el vecino hace un esfuerzo enorme por estar al d\u00eda, y sabe que depende tambi\u00e9n de esto para seguir con todo lo que hacemos\u00bb<\/p>\n\n\n\n<p>\u00abPodemos decir que  el trabajador municipal va a tener un alivio, se le va a incrementar el 8 % de aumento ademas del bono que van a recibir, para el a\u00f1o que viene, vamos a ver lo que se resuelve en Naci\u00f3n, pero si continuamos nosotros o no, el que asuma el diciembre no va a tener problemas para pagar salarios\u00bb.<\/p>\n\n\n\n<p><\/p>\n","protected":false},"excerpt":{"rendered":"<p>Este jueves se dio por terminada la reuni\u00f3n entre Gremios y el Departamento del Ejecutivo donde se acord\u00f3 \u00a0el pago de un bono de 3 mil pesos a realizarse con los haberes de septiembre y ser\u00e1 no remunerativo. Fabian Rodriguez, el Secretario de Econom\u00eda confirmo a los medios locales que \u00abla plata esta, todav\u00eda estamos [&hellip;]<\/p>\n","protected":false},"author":4,"featured_media":59927,"comment_status":"open","ping_status":"closed","sticky":false,"template":"","format":"standard","meta":{"om_disable_all_campaigns":false,"_jetpack_memberships_contains_paid_content":false,"footnotes":""},"categories":[2,102],"tags":[],"class_list":["post-59926","post","type-post","status-publish","format-standard","has-post-thumbnail","hentry","category-locales","category-politica-locales"],"aioseo_notices":[],"gutentor_comment":0,"jetpack_featured_media_url":"https:\/\/eldiariodesanpedro.com.ar\/sitio\/wp-content\/uploads\/2019\/09\/Fab\u00edan-Rodriguez.jpg","jetpack_shortlink":"https:\/\/wp.me\/p6RhLt-fAy","jetpack_sharing_enabled":true,"_links":{"self":[{"href":"https:\/\/eldiariodesanpedro.com.ar\/sitio\/wp-json\/wp\/v2\/posts\/59926","targetHints":{"allow":["GET"]}}],"collection":[{"href":"https:\/\/eldiariodesanpedro.com.ar\/sitio\/wp-json\/wp\/v2\/posts"}],"about":[{"href":"https:\/\/eldiariodesanpedro.com.ar\/sitio\/wp-json\/wp\/v2\/types\/post"}],"author":[{"embeddable":true,"href":"https:\/\/eldiariodesanpedro.com.ar\/sitio\/wp-json\/wp\/v2\/users\/4"}],"replies":[{"embeddable":true,"href":"https:\/\/eldiariodesanpedro.com.ar\/sitio\/wp-json\/wp\/v2\/comments?post=59926"}],"version-history":[{"count":1,"href":"https:\/\/eldiariodesanpedro.com.ar\/sitio\/wp-json\/wp\/v2\/posts\/59926\/revisions"}],"predecessor-version":[{"id":59928,"href":"https:\/\/eldiariodesanpedro.com.ar\/sitio\/wp-json\/wp\/v2\/posts\/59926\/revisions\/59928"}],"wp:featuredmedia":[{"embeddable":true,"href":"https:\/\/eldiariodesanpedro.com.ar\/sitio\/wp-json\/wp\/v2\/media\/59927"}],"wp:attachment":[{"href":"https:\/\/eldiariodesanpedro.com.ar\/sitio\/wp-json\/wp\/v2\/media?parent=59926"}],"wp:term":[{"taxonomy":"category","embeddable":true,"href":"https:\/\/eldiariodesanpedro.com.ar\/sitio\/wp-json\/wp\/v2\/categories?post=59926"},{"taxonomy":"post_tag","embeddable":true,"href":"https:\/\/eldiariodesanpedro.com.ar\/sitio\/wp-json\/wp\/v2\/tags?post=59926"}],"curies":[{"name":"wp","href":"https:\/\/api.w.org\/{rel}","templated":true}]}}