{"id":59923,"date":"2019-09-13T08:51:46","date_gmt":"2019-09-13T11:51:46","guid":{"rendered":"https:\/\/eldiariodesanpedro.com.ar\/sitio\/?p=59923"},"modified":"2019-09-13T09:54:03","modified_gmt":"2019-09-13T12:54:03","slug":"anses-extendio-el-plazo-para-que-jubilados-y-pensionados-confirmen-descuentos-de-mutuales","status":"publish","type":"post","link":"https:\/\/eldiariodesanpedro.com.ar\/sitio\/anses-extendio-el-plazo-para-que-jubilados-y-pensionados-confirmen-descuentos-de-mutuales\/","title":{"rendered":"ANSES Extendi\u00f3 el plazo para que jubilados y pensionados confirmen descuentos de mutuales"},"content":{"rendered":"<!-- VideographyWP Plugin Message: Automatic video embedding prevented by plugin options. -->\n\n<p>Con el objetivo de asegurar la transparencia y brindar seguridad a los adultos mayores, a trav\u00e9s de la Resoluci\u00f3n 3\/2019 publicada hoy en el Bolet\u00edn Oficial,&nbsp;ANSES prorrog\u00f3 hasta el&nbsp;<strong>29 de febrero de 2020<\/strong>&nbsp;el plazo para que los jubilados y pensionados ratifiquen los descuentos de mutuales o cooperativas en sus recibos de haberes.<\/p>\n\n\n\n<p>De esta manera, el organismo previsional dispuso que aquellos que deseen continuar abonando un servicio de terceras entidades a trav\u00e9s de su recibo de haberes deber\u00e1n confirmar su aceptaci\u00f3n en&nbsp;<a href=\"http:\/\/www.anses.gob.ar\/mutuales\" target=\"_blank\" rel=\"noreferrer noopener\">www.anses.gob.ar\/mutuales<\/a>.&nbsp;<\/p>\n\n\n\n<p>Quienes consientan el descuento deber\u00e1n revalidarlo cada 24 meses; caso contrario, ANSES dejar\u00e1 de descontar el importe de su recibo de haberes y el jubilado&nbsp;<strong>deber\u00e1 regularizar la situaci\u00f3n directamente con la mutual o cooperativa<\/strong>.<\/p>\n\n\n\n<p><strong>C\u00f3mo realizar el tr\u00e1mite<\/strong><\/p>\n\n\n\n<p>Los interesados deben controlar el recibo y confirmar el descuento por Internet, ingresando en&nbsp;<a href=\"http:\/\/www.anses.gob.ar\/\" target=\"_blank\" rel=\"noreferrer noopener\">www.anses.gob.ar<\/a>,&nbsp;<em>MI ANSES<\/em>. All\u00ed tienen que colocar su Clave de la Seguridad Social e ir a&nbsp;<em>Terceras Entidades<\/em>, opci\u00f3n&nbsp;<em>Reempadronamiento Mutuales<\/em>. Luego, deben observar si poseen un descuento de mutual o cooperativa bajo los conceptos de cuota social o servicio especial.&nbsp;<\/p>\n\n\n\n<p>Dicha confirmaci\u00f3n tambi\u00e9n puede hacerse por&nbsp;<strong>tel\u00e9fono<\/strong>, llamando al 130 (gratuito desde l\u00edneas fijas) de 8 a 20 horas, opci\u00f3n 5 y luego 6, o bien,&nbsp;<strong>personalmente<\/strong>, sin turno a una oficina de ANSES.<\/p>\n","protected":false},"excerpt":{"rendered":"<p>Con el objetivo de asegurar la transparencia y brindar seguridad a los adultos mayores, a trav\u00e9s de la Resoluci\u00f3n 3\/2019 publicada hoy en el Bolet\u00edn Oficial,&nbsp;ANSES prorrog\u00f3 hasta el&nbsp;29 de febrero de 2020&nbsp;el plazo para que los jubilados y pensionados ratifiquen los descuentos de mutuales o cooperativas en sus recibos de haberes. De esta manera, [&hellip;]<\/p>\n","protected":false},"author":4,"featured_media":59938,"comment_status":"open","ping_status":"closed","sticky":false,"template":"","format":"standard","meta":{"om_disable_all_campaigns":false,"_jetpack_memberships_contains_paid_content":false,"footnotes":""},"categories":[101,2],"tags":[],"class_list":["post-59923","post","type-post","status-publish","format-standard","has-post-thumbnail","hentry","category-interes-general-locales","category-locales"],"aioseo_notices":[],"gutentor_comment":0,"jetpack_featured_media_url":"https:\/\/eldiariodesanpedro.com.ar\/sitio\/wp-content\/uploads\/2019\/09\/1523360103154anses_crop1549279821867_crop1551146958084_x1x.jpg_258117318.jpg","jetpack_shortlink":"https:\/\/wp.me\/p6RhLt-fAv","jetpack_sharing_enabled":true,"_links":{"self":[{"href":"https:\/\/eldiariodesanpedro.com.ar\/sitio\/wp-json\/wp\/v2\/posts\/59923","targetHints":{"allow":["GET"]}}],"collection":[{"href":"https:\/\/eldiariodesanpedro.com.ar\/sitio\/wp-json\/wp\/v2\/posts"}],"about":[{"href":"https:\/\/eldiariodesanpedro.com.ar\/sitio\/wp-json\/wp\/v2\/types\/post"}],"author":[{"embeddable":true,"href":"https:\/\/eldiariodesanpedro.com.ar\/sitio\/wp-json\/wp\/v2\/users\/4"}],"replies":[{"embeddable":true,"href":"https:\/\/eldiariodesanpedro.com.ar\/sitio\/wp-json\/wp\/v2\/comments?post=59923"}],"version-history":[{"count":1,"href":"https:\/\/eldiariodesanpedro.com.ar\/sitio\/wp-json\/wp\/v2\/posts\/59923\/revisions"}],"predecessor-version":[{"id":59925,"href":"https:\/\/eldiariodesanpedro.com.ar\/sitio\/wp-json\/wp\/v2\/posts\/59923\/revisions\/59925"}],"wp:featuredmedia":[{"embeddable":true,"href":"https:\/\/eldiariodesanpedro.com.ar\/sitio\/wp-json\/wp\/v2\/media\/59938"}],"wp:attachment":[{"href":"https:\/\/eldiariodesanpedro.com.ar\/sitio\/wp-json\/wp\/v2\/media?parent=59923"}],"wp:term":[{"taxonomy":"category","embeddable":true,"href":"https:\/\/eldiariodesanpedro.com.ar\/sitio\/wp-json\/wp\/v2\/categories?post=59923"},{"taxonomy":"post_tag","embeddable":true,"href":"https:\/\/eldiariodesanpedro.com.ar\/sitio\/wp-json\/wp\/v2\/tags?post=59923"}],"curies":[{"name":"wp","href":"https:\/\/api.w.org\/{rel}","templated":true}]}}