{"id":59920,"date":"2019-09-13T08:45:28","date_gmt":"2019-09-13T11:45:28","guid":{"rendered":"https:\/\/eldiariodesanpedro.com.ar\/sitio\/?p=59920"},"modified":"2019-09-13T08:45:32","modified_gmt":"2019-09-13T11:45:32","slug":"ioma-repudio-al-aumento-unilateral-del-copago","status":"publish","type":"post","link":"https:\/\/eldiariodesanpedro.com.ar\/sitio\/ioma-repudio-al-aumento-unilateral-del-copago\/","title":{"rendered":"IOMA: Repudio al aumento unilateral del copago"},"content":{"rendered":"<!-- VideographyWP Plugin Message: Automatic video embedding prevented by plugin options. -->\n\n<p>Ante el incremento del 35% de los co-pagos de bonos y la amenaza de corte de prestaciones por parte de entidades m\u00e9dicas, la AJB y otros gremios estatales reclamaron al presidente del IOMA exigiendo una urgente soluci\u00f3n.<\/p>\n\n\n\n<p>En una presentaci\u00f3n enviada al Presidente del IOMA, Pablo Di Liscia, los 26 gremios que integran el Consejo Consultivo Gremial se manifestaron en contra del aumento unilateral del copago sobre consultas dispuesto por las entidades m\u00e9dicas agremiadas al CEMIBO, exigiendo una urgente soluci\u00f3n.<\/p>\n\n\n\n<p>Oreste \u201cChino\u201d Poggi, titular de la Direcci\u00f3n de Servicios Sociales de la AJB y representante del gremio judicial en el Consejo Consultivo del IOMA, expres\u00f3 que \u201cla AJB repudia esta decisi\u00f3n de la Agremiaci\u00f3n M\u00e9dica Platense y el CEMIBO y exige a la gobernadora Vidal que resuelva r\u00e1pidamente esta situaci\u00f3n de la que tambi\u00e9n ella es responsable\u201d. Agregando que \u201ctambi\u00e9n son responsables las y los legisladores que en diciembre de 2017 aprobaron la reforma a la Ley de Ministerios, por la cual se habilit\u00f3 al Ejecutivo a usar fondos del IOMA para gastos generales de la Administraci\u00f3n\u201d.<\/p>\n\n\n\n<p>\u201cEstas decisiones sin precedentes en la historia de la relaci\u00f3n entre el IOMA y las organizaciones de prestadores, son a todas luces ilegales\u201d, agreg\u00f3 Poggi.<\/p>\n\n\n\n<p>En la presentaci\u00f3n, las y los firmantes exigen que se intime al CEMIBO a no cobrar indebidamente bonos de consulta m\u00e9dica por encima de lo pautado seg\u00fan el convenio vigente, garantizando la accesibilidad de prestaciones a las y los afiliados del Instituto. Adem\u00e1s, exigen que se garantice la prestaci\u00f3n, absteni\u00e9ndose de trasladar su costo a las y los afiliados de la Obra Social.<\/p>\n\n\n\n<p>Asimismo, los gremios subrayaron que las y los afiliados no deben sufrir los cortes de prestaciones anunciados por la asociaci\u00f3n de traumat\u00f3logos (APOT), y le exigen al Presidente del IOMA que se arbitren los medios necesarios a efectos del pronto pago de los reintegros correspondientes.<\/p>\n\n\n\n<p><br><\/p>\n","protected":false},"excerpt":{"rendered":"<p>Ante el incremento del 35% de los co-pagos de bonos y la amenaza de corte de prestaciones por parte de entidades m\u00e9dicas, la AJB y otros gremios estatales reclamaron al presidente del IOMA exigiendo una urgente soluci\u00f3n. En una presentaci\u00f3n enviada al Presidente del IOMA, Pablo Di Liscia, los 26 gremios que integran el Consejo [&hellip;]<\/p>\n","protected":false},"author":4,"featured_media":59921,"comment_status":"open","ping_status":"closed","sticky":false,"template":"","format":"standard","meta":{"om_disable_all_campaigns":false,"_jetpack_memberships_contains_paid_content":false,"footnotes":""},"categories":[621],"tags":[],"class_list":["post-59920","post","type-post","status-publish","format-standard","has-post-thumbnail","hentry","category-regionales"],"aioseo_notices":[],"gutentor_comment":0,"jetpack_featured_media_url":"https:\/\/eldiariodesanpedro.com.ar\/sitio\/wp-content\/uploads\/2019\/09\/unnamed-2.png","jetpack_shortlink":"https:\/\/wp.me\/p6RhLt-fAs","jetpack_sharing_enabled":true,"_links":{"self":[{"href":"https:\/\/eldiariodesanpedro.com.ar\/sitio\/wp-json\/wp\/v2\/posts\/59920","targetHints":{"allow":["GET"]}}],"collection":[{"href":"https:\/\/eldiariodesanpedro.com.ar\/sitio\/wp-json\/wp\/v2\/posts"}],"about":[{"href":"https:\/\/eldiariodesanpedro.com.ar\/sitio\/wp-json\/wp\/v2\/types\/post"}],"author":[{"embeddable":true,"href":"https:\/\/eldiariodesanpedro.com.ar\/sitio\/wp-json\/wp\/v2\/users\/4"}],"replies":[{"embeddable":true,"href":"https:\/\/eldiariodesanpedro.com.ar\/sitio\/wp-json\/wp\/v2\/comments?post=59920"}],"version-history":[{"count":1,"href":"https:\/\/eldiariodesanpedro.com.ar\/sitio\/wp-json\/wp\/v2\/posts\/59920\/revisions"}],"predecessor-version":[{"id":59922,"href":"https:\/\/eldiariodesanpedro.com.ar\/sitio\/wp-json\/wp\/v2\/posts\/59920\/revisions\/59922"}],"wp:featuredmedia":[{"embeddable":true,"href":"https:\/\/eldiariodesanpedro.com.ar\/sitio\/wp-json\/wp\/v2\/media\/59921"}],"wp:attachment":[{"href":"https:\/\/eldiariodesanpedro.com.ar\/sitio\/wp-json\/wp\/v2\/media?parent=59920"}],"wp:term":[{"taxonomy":"category","embeddable":true,"href":"https:\/\/eldiariodesanpedro.com.ar\/sitio\/wp-json\/wp\/v2\/categories?post=59920"},{"taxonomy":"post_tag","embeddable":true,"href":"https:\/\/eldiariodesanpedro.com.ar\/sitio\/wp-json\/wp\/v2\/tags?post=59920"}],"curies":[{"name":"wp","href":"https:\/\/api.w.org\/{rel}","templated":true}]}}