{"id":5992,"date":"2016-07-13T20:38:03","date_gmt":"2016-07-13T23:38:03","guid":{"rendered":"https:\/\/eldiariodesanpedro.com.ar\/sitio\/?p=5992"},"modified":"2016-07-13T20:38:03","modified_gmt":"2016-07-13T23:38:03","slug":"un-roedor-seria-el-causante-de-las-perforaciones-en-las-naranjas-de-las-amalias","status":"publish","type":"post","link":"https:\/\/eldiariodesanpedro.com.ar\/sitio\/un-roedor-seria-el-causante-de-las-perforaciones-en-las-naranjas-de-las-amalias\/","title":{"rendered":"Un roedor ser\u00eda el causante de las perforaciones en las naranjas de Las Amalias"},"content":{"rendered":"<p><!-- VideographyWP Plugin Message: Automatic video embedding prevented by plugin options. --><br \/>\nA ra\u00edz de lo ocurrido la semana pasada en el establecimiento Las Amalias, que se encuentra en cercan\u00edas al cruce entre la ruta 1001 y el camino Crucero General Belgrano, sobre unas extra\u00f1as perforaciones en algunas de las naranjas de la producci\u00f3n, consultado sobre el tema el Ing. Norberto Angel del INTA San Pedro explic\u00f3: \u201cPor lo que nosotros hemos podido ver, lo asociamos al da\u00f1o de un roedor, aunque a\u00fan no podemos precisar qu\u00e9 tipo de roedor sea el causante de este da\u00f1o\u201d.<br \/>\nY luego se\u00f1al\u00f3: \u201cMe parece que habr\u00eda que dejar en claro dos cosas: disipar que el agente causal sea otro, que no sea un roedor, y que no es este un tema para preocuparse. No es un da\u00f1o que uno observe en forma generalizada\u201d.<br \/>\n\u201cDentro de nuestras posibilidades, hemos recorrido la zona, no hemos visto da\u00f1o en otros lugares y estamos s\u00ed pendientes de algunas otras plagas que puedan estar causando da\u00f1os, no solo en fruta sino tambi\u00e9n en otras plantas\u201d, se\u00f1al\u00f3 y, sobre ello, ahond\u00f3: \u201cNo es una cuesti\u00f3n novedosa, sino de hace muchos a\u00f1os. [&#8230;] El tema de la cotorra es una situaci\u00f3n que no solo preocupa ac\u00e1, sino donde uno viaja\u201d. Asever\u00f3 que el tema \u201ces de debate y deber\u00eda ocuparnos porque esto cada vez se va haciendo m\u00e1s complejo\u201d.<br \/>\nTambi\u00e9n manifest\u00f3: \u201cHay alguna otra plaga, un roedor que fue introducido en la zona de Luj\u00e1n, que est\u00e1 causando da\u00f1o en esa zona, en distintos cultivos, ya se hace referencia que est\u00e1 en otras provincias como C\u00f3rdoba y Santa Fe y que estamos atentos tratando de ver si se detecta su presencia para advertirles a los productores que puedan llegar a tomar alg\u00fan tipo de precauci\u00f3n\u201d. <\/p>\n<p>Ardillas de vientre rojo<\/p>\n<p>Si bien no ha podido constatar, hay quienes creen que podr\u00edan ser las ardillas de vientre rojo las causantes de las perforaciones. A\u00fan no han sido vista por la zona, por lo que no se puede afirmar fehacientemente, pero tampoco se lo descarta.<br \/>\nEstos animales son originarios del sudeste asi\u00e1tico, y ha sido introducida en Jap\u00f3n, Francia y Argentina, donde se establecieron poblaciones silvestres. Posee un dorso gris amarillento que es atravesado por una franja central negra, mientras que su vientre resalta por su color rojizo. La cola gris\u00e1cea es atravesada por l\u00edneas oscuras longitudinales. De h\u00e1bitos casi exclusivamente arbor\u00edcolas y rup\u00edcolas, se alimenta de invertebrados, hongos, l\u00edquenes, brotes, hojas, flores, frutos, semillas, savia, corteza de distintos \u00e1rboles y huevos de aves.<br \/>\nEn Argentina fueron liberados en el a\u00f1o 1970 cuatro ejemplares en Luj\u00e1n, provincia de Buenos Aires. La poblaci\u00f3n creci\u00f3 exponencialmente y hoy se encuentran ardillas en una amplia superficie del noreste bonaerense. Al ser un animal carism\u00e1tico que despierta simpat\u00eda, de esta poblaci\u00f3n fueron extra\u00eddos ejemplares para ser luego liberados en otros sitios, creando as\u00ed nuevos focos de invasi\u00f3n. Este es el caso de La Cumbrecita, en la provincia de C\u00f3rdoba, donde en el a\u00f1o 2000 se introdujeron individuos de esta especie con fines est\u00e9ticos.<\/p>\n","protected":false},"excerpt":{"rendered":"<p>A ra\u00edz de lo ocurrido la semana pasada en el establecimiento Las Amalias, que se encuentra en cercan\u00edas al cruce entre la ruta 1001 y el camino Crucero General Belgrano, sobre unas extra\u00f1as perforaciones en algunas de las naranjas de la producci\u00f3n, consultado sobre el tema el Ing. Norberto Angel del INTA San Pedro explic\u00f3: [&hellip;]<\/p>\n","protected":false},"author":4,"featured_media":5993,"comment_status":"open","ping_status":"closed","sticky":false,"template":"","format":"standard","meta":{"om_disable_all_campaigns":false,"_jetpack_memberships_contains_paid_content":false,"footnotes":""},"categories":[50,101,2],"tags":[],"class_list":["post-5992","post","type-post","status-publish","format-standard","has-post-thumbnail","hentry","category-destacadas","category-interes-general-locales","category-locales"],"aioseo_notices":[],"gutentor_comment":0,"jetpack_featured_media_url":"https:\/\/eldiariodesanpedro.com.ar\/sitio\/wp-content\/uploads\/2016\/07\/PAGINA-5-5.jpg","jetpack_shortlink":"https:\/\/wp.me\/p6RhLt-1yE","jetpack_sharing_enabled":true,"_links":{"self":[{"href":"https:\/\/eldiariodesanpedro.com.ar\/sitio\/wp-json\/wp\/v2\/posts\/5992","targetHints":{"allow":["GET"]}}],"collection":[{"href":"https:\/\/eldiariodesanpedro.com.ar\/sitio\/wp-json\/wp\/v2\/posts"}],"about":[{"href":"https:\/\/eldiariodesanpedro.com.ar\/sitio\/wp-json\/wp\/v2\/types\/post"}],"author":[{"embeddable":true,"href":"https:\/\/eldiariodesanpedro.com.ar\/sitio\/wp-json\/wp\/v2\/users\/4"}],"replies":[{"embeddable":true,"href":"https:\/\/eldiariodesanpedro.com.ar\/sitio\/wp-json\/wp\/v2\/comments?post=5992"}],"version-history":[{"count":1,"href":"https:\/\/eldiariodesanpedro.com.ar\/sitio\/wp-json\/wp\/v2\/posts\/5992\/revisions"}],"predecessor-version":[{"id":5994,"href":"https:\/\/eldiariodesanpedro.com.ar\/sitio\/wp-json\/wp\/v2\/posts\/5992\/revisions\/5994"}],"wp:featuredmedia":[{"embeddable":true,"href":"https:\/\/eldiariodesanpedro.com.ar\/sitio\/wp-json\/wp\/v2\/media\/5993"}],"wp:attachment":[{"href":"https:\/\/eldiariodesanpedro.com.ar\/sitio\/wp-json\/wp\/v2\/media?parent=5992"}],"wp:term":[{"taxonomy":"category","embeddable":true,"href":"https:\/\/eldiariodesanpedro.com.ar\/sitio\/wp-json\/wp\/v2\/categories?post=5992"},{"taxonomy":"post_tag","embeddable":true,"href":"https:\/\/eldiariodesanpedro.com.ar\/sitio\/wp-json\/wp\/v2\/tags?post=5992"}],"curies":[{"name":"wp","href":"https:\/\/api.w.org\/{rel}","templated":true}]}}