{"id":59900,"date":"2019-09-12T18:19:22","date_gmt":"2019-09-12T21:19:22","guid":{"rendered":"https:\/\/eldiariodesanpedro.com.ar\/sitio\/?p=59900"},"modified":"2019-09-12T18:19:26","modified_gmt":"2019-09-12T21:19:26","slug":"recorrida-en-los-avances-de-obras","status":"publish","type":"post","link":"https:\/\/eldiariodesanpedro.com.ar\/sitio\/recorrida-en-los-avances-de-obras\/","title":{"rendered":"Recorrida en los avances de obras"},"content":{"rendered":"<!-- VideographyWP Plugin Message: Automatic video embedding prevented by plugin options. -->\n\n<p>Contin\u00faan en marcha los trabajos que personal municipal viene cumpliendo en la ejecuci\u00f3n de proyectos importantes que se espera concluir en breve. <\/p>\n\n\n\n<p>Prosigue la construcci\u00f3n del nuevo Centro Educativo Complementario 802 en Villa Depietri, que se destac\u00f3 por ser el primero en contar con una cocina especial para elaborar comida para cel\u00edacos. La obra tal como fue anunciada, contar\u00e1 con aulas, preceptor\u00eda y sala de direcci\u00f3n entre otras dependencias.<\/p>\n\n\n\n<ul class=\"wp-block-gallery columns-3 is-cropped wp-block-gallery-1 is-layout-flex wp-block-gallery-is-layout-flex\"><li class=\"blocks-gallery-item\"><figure><img decoding=\"async\" width=\"960\" height=\"671\" data-attachment-id=\"59908\" data-permalink=\"https:\/\/eldiariodesanpedro.com.ar\/sitio\/recorrida-en-los-avances-de-obras\/69915496_2454615331299794_8652796270215168000_n\/\" data-orig-file=\"https:\/\/eldiariodesanpedro.com.ar\/sitio\/wp-content\/uploads\/2019\/09\/69915496_2454615331299794_8652796270215168000_n.jpg\" data-orig-size=\"960,671\" data-comments-opened=\"1\" data-image-meta=\"{&quot;aperture&quot;:&quot;0&quot;,&quot;credit&quot;:&quot;&quot;,&quot;camera&quot;:&quot;&quot;,&quot;caption&quot;:&quot;&quot;,&quot;created_timestamp&quot;:&quot;0&quot;,&quot;copyright&quot;:&quot;&quot;,&quot;focal_length&quot;:&quot;0&quot;,&quot;iso&quot;:&quot;0&quot;,&quot;shutter_speed&quot;:&quot;0&quot;,&quot;title&quot;:&quot;&quot;,&quot;orientation&quot;:&quot;0&quot;}\" data-image-title=\"69915496_2454615331299794_8652796270215168000_n\" data-image-description=\"\" data-image-caption=\"\" data-large-file=\"https:\/\/eldiariodesanpedro.com.ar\/sitio\/wp-content\/uploads\/2019\/09\/69915496_2454615331299794_8652796270215168000_n.jpg\" data-src=\"https:\/\/eldiariodesanpedro.com.ar\/sitio\/wp-content\/uploads\/2019\/09\/69915496_2454615331299794_8652796270215168000_n.jpg\" alt=\"\" data-id=\"59908\" data-link=\"https:\/\/eldiariodesanpedro.com.ar\/sitio\/?attachment_id=59908\" class=\"wp-image-59908 lazyload\" data-srcset=\"https:\/\/eldiariodesanpedro.com.ar\/sitio\/wp-content\/uploads\/2019\/09\/69915496_2454615331299794_8652796270215168000_n.jpg 960w, https:\/\/eldiariodesanpedro.com.ar\/sitio\/wp-content\/uploads\/2019\/09\/69915496_2454615331299794_8652796270215168000_n-300x210.jpg 300w, https:\/\/eldiariodesanpedro.com.ar\/sitio\/wp-content\/uploads\/2019\/09\/69915496_2454615331299794_8652796270215168000_n-768x537.jpg 768w, https:\/\/eldiariodesanpedro.com.ar\/sitio\/wp-content\/uploads\/2019\/09\/69915496_2454615331299794_8652796270215168000_n-130x90.jpg 130w\" data-sizes=\"(max-width: 960px) 100vw, 960px\" src=\"data:image\/svg+xml;base64,PHN2ZyB3aWR0aD0iMSIgaGVpZ2h0PSIxIiB4bWxucz0iaHR0cDovL3d3dy53My5vcmcvMjAwMC9zdmciPjwvc3ZnPg==\" style=\"--smush-placeholder-width: 960px; --smush-placeholder-aspect-ratio: 960\/671;\" \/><\/figure><\/li><li class=\"blocks-gallery-item\"><figure><img decoding=\"async\" width=\"2048\" height=\"1228\" data-attachment-id=\"59909\" data-permalink=\"https:\/\/eldiariodesanpedro.com.ar\/sitio\/recorrida-en-los-avances-de-obras\/70128132_2454615711299756_4235500832381992960_o\/\" data-orig-file=\"https:\/\/eldiariodesanpedro.com.ar\/sitio\/wp-content\/uploads\/2019\/09\/70128132_2454615711299756_4235500832381992960_o.jpg\" data-orig-size=\"2048,1228\" data-comments-opened=\"1\" data-image-meta=\"{&quot;aperture&quot;:&quot;0&quot;,&quot;credit&quot;:&quot;&quot;,&quot;camera&quot;:&quot;&quot;,&quot;caption&quot;:&quot;&quot;,&quot;created_timestamp&quot;:&quot;0&quot;,&quot;copyright&quot;:&quot;&quot;,&quot;focal_length&quot;:&quot;0&quot;,&quot;iso&quot;:&quot;0&quot;,&quot;shutter_speed&quot;:&quot;0&quot;,&quot;title&quot;:&quot;&quot;,&quot;orientation&quot;:&quot;0&quot;}\" data-image-title=\"70128132_2454615711299756_4235500832381992960_o\" data-image-description=\"\" data-image-caption=\"\" data-large-file=\"https:\/\/eldiariodesanpedro.com.ar\/sitio\/wp-content\/uploads\/2019\/09\/70128132_2454615711299756_4235500832381992960_o-1024x614.jpg\" data-src=\"https:\/\/i0.wp.com\/eldiariodesanpedro.com.ar\/sitio\/wp-content\/uploads\/2019\/09\/70128132_2454615711299756_4235500832381992960_o.jpg?fit=660%2C396\" alt=\"\" data-id=\"59909\" data-link=\"https:\/\/eldiariodesanpedro.com.ar\/sitio\/?attachment_id=59909\" class=\"wp-image-59909 lazyload\" data-srcset=\"https:\/\/eldiariodesanpedro.com.ar\/sitio\/wp-content\/uploads\/2019\/09\/70128132_2454615711299756_4235500832381992960_o.jpg 2048w, https:\/\/eldiariodesanpedro.com.ar\/sitio\/wp-content\/uploads\/2019\/09\/70128132_2454615711299756_4235500832381992960_o-300x180.jpg 300w, https:\/\/eldiariodesanpedro.com.ar\/sitio\/wp-content\/uploads\/2019\/09\/70128132_2454615711299756_4235500832381992960_o-768x461.jpg 768w, https:\/\/eldiariodesanpedro.com.ar\/sitio\/wp-content\/uploads\/2019\/09\/70128132_2454615711299756_4235500832381992960_o-1024x614.jpg 1024w\" data-sizes=\"(max-width: 2048px) 100vw, 2048px\" src=\"data:image\/svg+xml;base64,PHN2ZyB3aWR0aD0iMSIgaGVpZ2h0PSIxIiB4bWxucz0iaHR0cDovL3d3dy53My5vcmcvMjAwMC9zdmciPjwvc3ZnPg==\" style=\"--smush-placeholder-width: 2048px; --smush-placeholder-aspect-ratio: 2048\/1228;\" \/><\/figure><\/li><li class=\"blocks-gallery-item\"><figure><img decoding=\"async\" width=\"2048\" height=\"1222\" data-attachment-id=\"59910\" data-permalink=\"https:\/\/eldiariodesanpedro.com.ar\/sitio\/recorrida-en-los-avances-de-obras\/70593063_2454615271299800_4962328071890796544_o\/\" data-orig-file=\"https:\/\/eldiariodesanpedro.com.ar\/sitio\/wp-content\/uploads\/2019\/09\/70593063_2454615271299800_4962328071890796544_o.jpg\" data-orig-size=\"2048,1222\" data-comments-opened=\"1\" data-image-meta=\"{&quot;aperture&quot;:&quot;0&quot;,&quot;credit&quot;:&quot;&quot;,&quot;camera&quot;:&quot;&quot;,&quot;caption&quot;:&quot;&quot;,&quot;created_timestamp&quot;:&quot;0&quot;,&quot;copyright&quot;:&quot;&quot;,&quot;focal_length&quot;:&quot;0&quot;,&quot;iso&quot;:&quot;0&quot;,&quot;shutter_speed&quot;:&quot;0&quot;,&quot;title&quot;:&quot;&quot;,&quot;orientation&quot;:&quot;0&quot;}\" data-image-title=\"70593063_2454615271299800_4962328071890796544_o\" data-image-description=\"\" data-image-caption=\"\" data-large-file=\"https:\/\/eldiariodesanpedro.com.ar\/sitio\/wp-content\/uploads\/2019\/09\/70593063_2454615271299800_4962328071890796544_o-1024x611.jpg\" data-src=\"https:\/\/i1.wp.com\/eldiariodesanpedro.com.ar\/sitio\/wp-content\/uploads\/2019\/09\/70593063_2454615271299800_4962328071890796544_o.jpg?fit=660%2C394\" alt=\"\" data-id=\"59910\" data-link=\"https:\/\/eldiariodesanpedro.com.ar\/sitio\/?attachment_id=59910\" class=\"wp-image-59910 lazyload\" data-srcset=\"https:\/\/eldiariodesanpedro.com.ar\/sitio\/wp-content\/uploads\/2019\/09\/70593063_2454615271299800_4962328071890796544_o.jpg 2048w, https:\/\/eldiariodesanpedro.com.ar\/sitio\/wp-content\/uploads\/2019\/09\/70593063_2454615271299800_4962328071890796544_o-300x179.jpg 300w, https:\/\/eldiariodesanpedro.com.ar\/sitio\/wp-content\/uploads\/2019\/09\/70593063_2454615271299800_4962328071890796544_o-768x458.jpg 768w, https:\/\/eldiariodesanpedro.com.ar\/sitio\/wp-content\/uploads\/2019\/09\/70593063_2454615271299800_4962328071890796544_o-1024x611.jpg 1024w\" data-sizes=\"(max-width: 2048px) 100vw, 2048px\" src=\"data:image\/svg+xml;base64,PHN2ZyB3aWR0aD0iMSIgaGVpZ2h0PSIxIiB4bWxucz0iaHR0cDovL3d3dy53My5vcmcvMjAwMC9zdmciPjwvc3ZnPg==\" style=\"--smush-placeholder-width: 2048px; --smush-placeholder-aspect-ratio: 2048\/1222;\" \/><\/figure><\/li><li class=\"blocks-gallery-item\"><figure><img decoding=\"async\" width=\"2040\" height=\"1274\" data-attachment-id=\"59911\" data-permalink=\"https:\/\/eldiariodesanpedro.com.ar\/sitio\/recorrida-en-los-avances-de-obras\/70845024_2454615304633130_5809804812509773824_o-1\/\" data-orig-file=\"https:\/\/eldiariodesanpedro.com.ar\/sitio\/wp-content\/uploads\/2019\/09\/70845024_2454615304633130_5809804812509773824_o-1.jpg\" data-orig-size=\"2040,1274\" data-comments-opened=\"1\" data-image-meta=\"{&quot;aperture&quot;:&quot;0&quot;,&quot;credit&quot;:&quot;&quot;,&quot;camera&quot;:&quot;&quot;,&quot;caption&quot;:&quot;&quot;,&quot;created_timestamp&quot;:&quot;0&quot;,&quot;copyright&quot;:&quot;&quot;,&quot;focal_length&quot;:&quot;0&quot;,&quot;iso&quot;:&quot;0&quot;,&quot;shutter_speed&quot;:&quot;0&quot;,&quot;title&quot;:&quot;&quot;,&quot;orientation&quot;:&quot;0&quot;}\" data-image-title=\"70845024_2454615304633130_5809804812509773824_o-1\" data-image-description=\"\" data-image-caption=\"\" data-large-file=\"https:\/\/eldiariodesanpedro.com.ar\/sitio\/wp-content\/uploads\/2019\/09\/70845024_2454615304633130_5809804812509773824_o-1-1024x639.jpg\" data-src=\"https:\/\/i0.wp.com\/eldiariodesanpedro.com.ar\/sitio\/wp-content\/uploads\/2019\/09\/70845024_2454615304633130_5809804812509773824_o-1.jpg?fit=660%2C412\" alt=\"\" data-id=\"59911\" data-link=\"https:\/\/eldiariodesanpedro.com.ar\/sitio\/?attachment_id=59911\" class=\"wp-image-59911 lazyload\" data-srcset=\"https:\/\/eldiariodesanpedro.com.ar\/sitio\/wp-content\/uploads\/2019\/09\/70845024_2454615304633130_5809804812509773824_o-1.jpg 2040w, https:\/\/eldiariodesanpedro.com.ar\/sitio\/wp-content\/uploads\/2019\/09\/70845024_2454615304633130_5809804812509773824_o-1-300x187.jpg 300w, https:\/\/eldiariodesanpedro.com.ar\/sitio\/wp-content\/uploads\/2019\/09\/70845024_2454615304633130_5809804812509773824_o-1-768x480.jpg 768w, https:\/\/eldiariodesanpedro.com.ar\/sitio\/wp-content\/uploads\/2019\/09\/70845024_2454615304633130_5809804812509773824_o-1-1024x639.jpg 1024w\" data-sizes=\"(max-width: 2040px) 100vw, 2040px\" src=\"data:image\/svg+xml;base64,PHN2ZyB3aWR0aD0iMSIgaGVpZ2h0PSIxIiB4bWxucz0iaHR0cDovL3d3dy53My5vcmcvMjAwMC9zdmciPjwvc3ZnPg==\" style=\"--smush-placeholder-width: 2040px; --smush-placeholder-aspect-ratio: 2040\/1274;\" \/><\/figure><\/li><li class=\"blocks-gallery-item\"><figure><img decoding=\"async\" width=\"2048\" height=\"1365\" data-attachment-id=\"59912\" data-permalink=\"https:\/\/eldiariodesanpedro.com.ar\/sitio\/recorrida-en-los-avances-de-obras\/70935178_2454615451299782_3077040984626823168_o\/\" data-orig-file=\"https:\/\/eldiariodesanpedro.com.ar\/sitio\/wp-content\/uploads\/2019\/09\/70935178_2454615451299782_3077040984626823168_o.jpg\" data-orig-size=\"2048,1365\" data-comments-opened=\"1\" data-image-meta=\"{&quot;aperture&quot;:&quot;0&quot;,&quot;credit&quot;:&quot;&quot;,&quot;camera&quot;:&quot;&quot;,&quot;caption&quot;:&quot;&quot;,&quot;created_timestamp&quot;:&quot;0&quot;,&quot;copyright&quot;:&quot;&quot;,&quot;focal_length&quot;:&quot;0&quot;,&quot;iso&quot;:&quot;0&quot;,&quot;shutter_speed&quot;:&quot;0&quot;,&quot;title&quot;:&quot;&quot;,&quot;orientation&quot;:&quot;0&quot;}\" data-image-title=\"70935178_2454615451299782_3077040984626823168_o\" data-image-description=\"\" data-image-caption=\"\" data-large-file=\"https:\/\/eldiariodesanpedro.com.ar\/sitio\/wp-content\/uploads\/2019\/09\/70935178_2454615451299782_3077040984626823168_o-1024x683.jpg\" data-src=\"https:\/\/i2.wp.com\/eldiariodesanpedro.com.ar\/sitio\/wp-content\/uploads\/2019\/09\/70935178_2454615451299782_3077040984626823168_o.jpg?fit=660%2C440\" alt=\"\" data-id=\"59912\" data-link=\"https:\/\/eldiariodesanpedro.com.ar\/sitio\/?attachment_id=59912\" class=\"wp-image-59912 lazyload\" data-srcset=\"https:\/\/eldiariodesanpedro.com.ar\/sitio\/wp-content\/uploads\/2019\/09\/70935178_2454615451299782_3077040984626823168_o.jpg 2048w, https:\/\/eldiariodesanpedro.com.ar\/sitio\/wp-content\/uploads\/2019\/09\/70935178_2454615451299782_3077040984626823168_o-300x200.jpg 300w, https:\/\/eldiariodesanpedro.com.ar\/sitio\/wp-content\/uploads\/2019\/09\/70935178_2454615451299782_3077040984626823168_o-768x512.jpg 768w, https:\/\/eldiariodesanpedro.com.ar\/sitio\/wp-content\/uploads\/2019\/09\/70935178_2454615451299782_3077040984626823168_o-1024x683.jpg 1024w\" data-sizes=\"(max-width: 2048px) 100vw, 2048px\" src=\"data:image\/svg+xml;base64,PHN2ZyB3aWR0aD0iMSIgaGVpZ2h0PSIxIiB4bWxucz0iaHR0cDovL3d3dy53My5vcmcvMjAwMC9zdmciPjwvc3ZnPg==\" style=\"--smush-placeholder-width: 2048px; --smush-placeholder-aspect-ratio: 2048\/1365;\" \/><\/figure><\/li><\/ul>\n\n\n\n<p><br>Tambi\u00e9n contin\u00faan las tareas de construcci\u00f3n de cord\u00f3n cuneta y mejorado en calles de los Barrios Futuro y ARCOR-<\/p>\n\n\n\n<figure class=\"wp-block-image\"><img decoding=\"async\" width=\"2048\" height=\"1365\" data-attachment-id=\"59902\" data-permalink=\"https:\/\/eldiariodesanpedro.com.ar\/sitio\/recorrida-en-los-avances-de-obras\/69700188_2454615857966408_117475090781700096_o\/\" data-orig-file=\"https:\/\/eldiariodesanpedro.com.ar\/sitio\/wp-content\/uploads\/2019\/09\/69700188_2454615857966408_117475090781700096_o.jpg\" data-orig-size=\"2048,1365\" data-comments-opened=\"1\" data-image-meta=\"{&quot;aperture&quot;:&quot;0&quot;,&quot;credit&quot;:&quot;&quot;,&quot;camera&quot;:&quot;&quot;,&quot;caption&quot;:&quot;&quot;,&quot;created_timestamp&quot;:&quot;0&quot;,&quot;copyright&quot;:&quot;&quot;,&quot;focal_length&quot;:&quot;0&quot;,&quot;iso&quot;:&quot;0&quot;,&quot;shutter_speed&quot;:&quot;0&quot;,&quot;title&quot;:&quot;&quot;,&quot;orientation&quot;:&quot;0&quot;}\" data-image-title=\"69700188_2454615857966408_117475090781700096_o\" data-image-description=\"\" data-image-caption=\"\" data-large-file=\"https:\/\/eldiariodesanpedro.com.ar\/sitio\/wp-content\/uploads\/2019\/09\/69700188_2454615857966408_117475090781700096_o-1024x683.jpg\" data-src=\"https:\/\/i2.wp.com\/eldiariodesanpedro.com.ar\/sitio\/wp-content\/uploads\/2019\/09\/69700188_2454615857966408_117475090781700096_o.jpg?fit=660%2C440\" alt=\"\" class=\"wp-image-59902 lazyload\" data-srcset=\"https:\/\/eldiariodesanpedro.com.ar\/sitio\/wp-content\/uploads\/2019\/09\/69700188_2454615857966408_117475090781700096_o.jpg 2048w, https:\/\/eldiariodesanpedro.com.ar\/sitio\/wp-content\/uploads\/2019\/09\/69700188_2454615857966408_117475090781700096_o-300x200.jpg 300w, https:\/\/eldiariodesanpedro.com.ar\/sitio\/wp-content\/uploads\/2019\/09\/69700188_2454615857966408_117475090781700096_o-768x512.jpg 768w, https:\/\/eldiariodesanpedro.com.ar\/sitio\/wp-content\/uploads\/2019\/09\/69700188_2454615857966408_117475090781700096_o-1024x683.jpg 1024w\" data-sizes=\"(max-width: 2048px) 100vw, 2048px\" src=\"data:image\/svg+xml;base64,PHN2ZyB3aWR0aD0iMSIgaGVpZ2h0PSIxIiB4bWxucz0iaHR0cDovL3d3dy53My5vcmcvMjAwMC9zdmciPjwvc3ZnPg==\" style=\"--smush-placeholder-width: 2048px; --smush-placeholder-aspect-ratio: 2048\/1365;\" \/><\/figure>\n\n\n\n<p> Adem\u00e1s de la construcci\u00f3n de tres viviendas para personas con capacidades de diferentes que ser\u00e1n entregadas en poco tiempo.  <\/p>\n\n\n\n<ul class=\"wp-block-gallery columns-3 is-cropped wp-block-gallery-2 is-layout-flex wp-block-gallery-is-layout-flex\"><li class=\"blocks-gallery-item\"><figure><img decoding=\"async\" width=\"2048\" height=\"1365\" data-attachment-id=\"59903\" data-permalink=\"https:\/\/eldiariodesanpedro.com.ar\/sitio\/recorrida-en-los-avances-de-obras\/69849446_2454615804633080_3774449931541020672_o\/\" data-orig-file=\"https:\/\/eldiariodesanpedro.com.ar\/sitio\/wp-content\/uploads\/2019\/09\/69849446_2454615804633080_3774449931541020672_o.jpg\" data-orig-size=\"2048,1365\" data-comments-opened=\"1\" data-image-meta=\"{&quot;aperture&quot;:&quot;0&quot;,&quot;credit&quot;:&quot;&quot;,&quot;camera&quot;:&quot;&quot;,&quot;caption&quot;:&quot;&quot;,&quot;created_timestamp&quot;:&quot;0&quot;,&quot;copyright&quot;:&quot;&quot;,&quot;focal_length&quot;:&quot;0&quot;,&quot;iso&quot;:&quot;0&quot;,&quot;shutter_speed&quot;:&quot;0&quot;,&quot;title&quot;:&quot;&quot;,&quot;orientation&quot;:&quot;0&quot;}\" data-image-title=\"69849446_2454615804633080_3774449931541020672_o\" data-image-description=\"\" data-image-caption=\"\" data-large-file=\"https:\/\/eldiariodesanpedro.com.ar\/sitio\/wp-content\/uploads\/2019\/09\/69849446_2454615804633080_3774449931541020672_o-1024x683.jpg\" data-src=\"https:\/\/i2.wp.com\/eldiariodesanpedro.com.ar\/sitio\/wp-content\/uploads\/2019\/09\/69849446_2454615804633080_3774449931541020672_o.jpg?fit=660%2C440\" alt=\"\" data-id=\"59903\" data-link=\"https:\/\/eldiariodesanpedro.com.ar\/sitio\/?attachment_id=59903\" class=\"wp-image-59903 lazyload\" data-srcset=\"https:\/\/eldiariodesanpedro.com.ar\/sitio\/wp-content\/uploads\/2019\/09\/69849446_2454615804633080_3774449931541020672_o.jpg 2048w, https:\/\/eldiariodesanpedro.com.ar\/sitio\/wp-content\/uploads\/2019\/09\/69849446_2454615804633080_3774449931541020672_o-300x200.jpg 300w, https:\/\/eldiariodesanpedro.com.ar\/sitio\/wp-content\/uploads\/2019\/09\/69849446_2454615804633080_3774449931541020672_o-768x512.jpg 768w, https:\/\/eldiariodesanpedro.com.ar\/sitio\/wp-content\/uploads\/2019\/09\/69849446_2454615804633080_3774449931541020672_o-1024x683.jpg 1024w\" data-sizes=\"(max-width: 2048px) 100vw, 2048px\" src=\"data:image\/svg+xml;base64,PHN2ZyB3aWR0aD0iMSIgaGVpZ2h0PSIxIiB4bWxucz0iaHR0cDovL3d3dy53My5vcmcvMjAwMC9zdmciPjwvc3ZnPg==\" style=\"--smush-placeholder-width: 2048px; --smush-placeholder-aspect-ratio: 2048\/1365;\" \/><\/figure><\/li><li class=\"blocks-gallery-item\"><figure><img decoding=\"async\" width=\"2048\" height=\"1365\" data-attachment-id=\"59904\" data-permalink=\"https:\/\/eldiariodesanpedro.com.ar\/sitio\/recorrida-en-los-avances-de-obras\/69930952_2454615487966445_1669888833782546432_o\/\" data-orig-file=\"https:\/\/eldiariodesanpedro.com.ar\/sitio\/wp-content\/uploads\/2019\/09\/69930952_2454615487966445_1669888833782546432_o.jpg\" data-orig-size=\"2048,1365\" data-comments-opened=\"1\" data-image-meta=\"{&quot;aperture&quot;:&quot;0&quot;,&quot;credit&quot;:&quot;&quot;,&quot;camera&quot;:&quot;&quot;,&quot;caption&quot;:&quot;&quot;,&quot;created_timestamp&quot;:&quot;0&quot;,&quot;copyright&quot;:&quot;&quot;,&quot;focal_length&quot;:&quot;0&quot;,&quot;iso&quot;:&quot;0&quot;,&quot;shutter_speed&quot;:&quot;0&quot;,&quot;title&quot;:&quot;&quot;,&quot;orientation&quot;:&quot;0&quot;}\" data-image-title=\"69930952_2454615487966445_1669888833782546432_o\" data-image-description=\"\" data-image-caption=\"\" data-large-file=\"https:\/\/eldiariodesanpedro.com.ar\/sitio\/wp-content\/uploads\/2019\/09\/69930952_2454615487966445_1669888833782546432_o-1024x683.jpg\" data-src=\"https:\/\/i0.wp.com\/eldiariodesanpedro.com.ar\/sitio\/wp-content\/uploads\/2019\/09\/69930952_2454615487966445_1669888833782546432_o.jpg?fit=660%2C440\" alt=\"\" data-id=\"59904\" data-link=\"https:\/\/eldiariodesanpedro.com.ar\/sitio\/?attachment_id=59904\" class=\"wp-image-59904 lazyload\" data-srcset=\"https:\/\/eldiariodesanpedro.com.ar\/sitio\/wp-content\/uploads\/2019\/09\/69930952_2454615487966445_1669888833782546432_o.jpg 2048w, https:\/\/eldiariodesanpedro.com.ar\/sitio\/wp-content\/uploads\/2019\/09\/69930952_2454615487966445_1669888833782546432_o-300x200.jpg 300w, https:\/\/eldiariodesanpedro.com.ar\/sitio\/wp-content\/uploads\/2019\/09\/69930952_2454615487966445_1669888833782546432_o-768x512.jpg 768w, https:\/\/eldiariodesanpedro.com.ar\/sitio\/wp-content\/uploads\/2019\/09\/69930952_2454615487966445_1669888833782546432_o-1024x683.jpg 1024w\" data-sizes=\"(max-width: 2048px) 100vw, 2048px\" src=\"data:image\/svg+xml;base64,PHN2ZyB3aWR0aD0iMSIgaGVpZ2h0PSIxIiB4bWxucz0iaHR0cDovL3d3dy53My5vcmcvMjAwMC9zdmciPjwvc3ZnPg==\" style=\"--smush-placeholder-width: 2048px; --smush-placeholder-aspect-ratio: 2048\/1365;\" \/><\/figure><\/li><li class=\"blocks-gallery-item\"><figure><img decoding=\"async\" width=\"2048\" height=\"1229\" data-attachment-id=\"59905\" data-permalink=\"https:\/\/eldiariodesanpedro.com.ar\/sitio\/recorrida-en-los-avances-de-obras\/70180024_2454615621299765_677816809348399104_o\/\" data-orig-file=\"https:\/\/eldiariodesanpedro.com.ar\/sitio\/wp-content\/uploads\/2019\/09\/70180024_2454615621299765_677816809348399104_o.jpg\" data-orig-size=\"2048,1229\" data-comments-opened=\"1\" data-image-meta=\"{&quot;aperture&quot;:&quot;0&quot;,&quot;credit&quot;:&quot;&quot;,&quot;camera&quot;:&quot;&quot;,&quot;caption&quot;:&quot;&quot;,&quot;created_timestamp&quot;:&quot;0&quot;,&quot;copyright&quot;:&quot;&quot;,&quot;focal_length&quot;:&quot;0&quot;,&quot;iso&quot;:&quot;0&quot;,&quot;shutter_speed&quot;:&quot;0&quot;,&quot;title&quot;:&quot;&quot;,&quot;orientation&quot;:&quot;0&quot;}\" data-image-title=\"70180024_2454615621299765_677816809348399104_o\" data-image-description=\"\" data-image-caption=\"\" data-large-file=\"https:\/\/eldiariodesanpedro.com.ar\/sitio\/wp-content\/uploads\/2019\/09\/70180024_2454615621299765_677816809348399104_o-1024x615.jpg\" data-src=\"https:\/\/i0.wp.com\/eldiariodesanpedro.com.ar\/sitio\/wp-content\/uploads\/2019\/09\/70180024_2454615621299765_677816809348399104_o.jpg?fit=660%2C396\" alt=\"\" data-id=\"59905\" data-link=\"https:\/\/eldiariodesanpedro.com.ar\/sitio\/?attachment_id=59905\" class=\"wp-image-59905 lazyload\" data-srcset=\"https:\/\/eldiariodesanpedro.com.ar\/sitio\/wp-content\/uploads\/2019\/09\/70180024_2454615621299765_677816809348399104_o.jpg 2048w, https:\/\/eldiariodesanpedro.com.ar\/sitio\/wp-content\/uploads\/2019\/09\/70180024_2454615621299765_677816809348399104_o-300x180.jpg 300w, https:\/\/eldiariodesanpedro.com.ar\/sitio\/wp-content\/uploads\/2019\/09\/70180024_2454615621299765_677816809348399104_o-768x461.jpg 768w, https:\/\/eldiariodesanpedro.com.ar\/sitio\/wp-content\/uploads\/2019\/09\/70180024_2454615621299765_677816809348399104_o-1024x615.jpg 1024w\" data-sizes=\"(max-width: 2048px) 100vw, 2048px\" src=\"data:image\/svg+xml;base64,PHN2ZyB3aWR0aD0iMSIgaGVpZ2h0PSIxIiB4bWxucz0iaHR0cDovL3d3dy53My5vcmcvMjAwMC9zdmciPjwvc3ZnPg==\" style=\"--smush-placeholder-width: 2048px; --smush-placeholder-aspect-ratio: 2048\/1229;\" \/><\/figure><\/li><li class=\"blocks-gallery-item\"><figure><img decoding=\"async\" width=\"960\" height=\"699\" data-attachment-id=\"59906\" data-permalink=\"https:\/\/eldiariodesanpedro.com.ar\/sitio\/recorrida-en-los-avances-de-obras\/70348829_2454615741299753_3838618624138936320_n\/\" data-orig-file=\"https:\/\/eldiariodesanpedro.com.ar\/sitio\/wp-content\/uploads\/2019\/09\/70348829_2454615741299753_3838618624138936320_n.jpg\" data-orig-size=\"960,699\" data-comments-opened=\"1\" data-image-meta=\"{&quot;aperture&quot;:&quot;0&quot;,&quot;credit&quot;:&quot;&quot;,&quot;camera&quot;:&quot;&quot;,&quot;caption&quot;:&quot;&quot;,&quot;created_timestamp&quot;:&quot;0&quot;,&quot;copyright&quot;:&quot;&quot;,&quot;focal_length&quot;:&quot;0&quot;,&quot;iso&quot;:&quot;0&quot;,&quot;shutter_speed&quot;:&quot;0&quot;,&quot;title&quot;:&quot;&quot;,&quot;orientation&quot;:&quot;0&quot;}\" data-image-title=\"70348829_2454615741299753_3838618624138936320_n\" data-image-description=\"\" data-image-caption=\"\" data-large-file=\"https:\/\/eldiariodesanpedro.com.ar\/sitio\/wp-content\/uploads\/2019\/09\/70348829_2454615741299753_3838618624138936320_n.jpg\" data-src=\"https:\/\/eldiariodesanpedro.com.ar\/sitio\/wp-content\/uploads\/2019\/09\/70348829_2454615741299753_3838618624138936320_n.jpg\" alt=\"\" data-id=\"59906\" data-link=\"https:\/\/eldiariodesanpedro.com.ar\/sitio\/?attachment_id=59906\" class=\"wp-image-59906 lazyload\" data-srcset=\"https:\/\/eldiariodesanpedro.com.ar\/sitio\/wp-content\/uploads\/2019\/09\/70348829_2454615741299753_3838618624138936320_n.jpg 960w, https:\/\/eldiariodesanpedro.com.ar\/sitio\/wp-content\/uploads\/2019\/09\/70348829_2454615741299753_3838618624138936320_n-300x218.jpg 300w, https:\/\/eldiariodesanpedro.com.ar\/sitio\/wp-content\/uploads\/2019\/09\/70348829_2454615741299753_3838618624138936320_n-768x559.jpg 768w\" data-sizes=\"(max-width: 960px) 100vw, 960px\" src=\"data:image\/svg+xml;base64,PHN2ZyB3aWR0aD0iMSIgaGVpZ2h0PSIxIiB4bWxucz0iaHR0cDovL3d3dy53My5vcmcvMjAwMC9zdmciPjwvc3ZnPg==\" style=\"--smush-placeholder-width: 960px; --smush-placeholder-aspect-ratio: 960\/699;\" \/><\/figure><\/li><li class=\"blocks-gallery-item\"><figure><img decoding=\"async\" width=\"2048\" height=\"1201\" data-attachment-id=\"59907\" data-permalink=\"https:\/\/eldiariodesanpedro.com.ar\/sitio\/recorrida-en-los-avances-de-obras\/70810072_2454615144633146_4091636109618970624_o\/\" data-orig-file=\"https:\/\/eldiariodesanpedro.com.ar\/sitio\/wp-content\/uploads\/2019\/09\/70810072_2454615144633146_4091636109618970624_o.jpg\" data-orig-size=\"2048,1201\" data-comments-opened=\"1\" data-image-meta=\"{&quot;aperture&quot;:&quot;0&quot;,&quot;credit&quot;:&quot;&quot;,&quot;camera&quot;:&quot;&quot;,&quot;caption&quot;:&quot;&quot;,&quot;created_timestamp&quot;:&quot;0&quot;,&quot;copyright&quot;:&quot;&quot;,&quot;focal_length&quot;:&quot;0&quot;,&quot;iso&quot;:&quot;0&quot;,&quot;shutter_speed&quot;:&quot;0&quot;,&quot;title&quot;:&quot;&quot;,&quot;orientation&quot;:&quot;0&quot;}\" data-image-title=\"70810072_2454615144633146_4091636109618970624_o\" data-image-description=\"\" data-image-caption=\"\" data-large-file=\"https:\/\/eldiariodesanpedro.com.ar\/sitio\/wp-content\/uploads\/2019\/09\/70810072_2454615144633146_4091636109618970624_o-1024x601.jpg\" data-src=\"https:\/\/i1.wp.com\/eldiariodesanpedro.com.ar\/sitio\/wp-content\/uploads\/2019\/09\/70810072_2454615144633146_4091636109618970624_o.jpg?fit=660%2C387\" alt=\"\" data-id=\"59907\" data-link=\"https:\/\/eldiariodesanpedro.com.ar\/sitio\/?attachment_id=59907\" class=\"wp-image-59907 lazyload\" data-srcset=\"https:\/\/eldiariodesanpedro.com.ar\/sitio\/wp-content\/uploads\/2019\/09\/70810072_2454615144633146_4091636109618970624_o.jpg 2048w, https:\/\/eldiariodesanpedro.com.ar\/sitio\/wp-content\/uploads\/2019\/09\/70810072_2454615144633146_4091636109618970624_o-300x176.jpg 300w, https:\/\/eldiariodesanpedro.com.ar\/sitio\/wp-content\/uploads\/2019\/09\/70810072_2454615144633146_4091636109618970624_o-768x450.jpg 768w, https:\/\/eldiariodesanpedro.com.ar\/sitio\/wp-content\/uploads\/2019\/09\/70810072_2454615144633146_4091636109618970624_o-1024x601.jpg 1024w\" data-sizes=\"(max-width: 2048px) 100vw, 2048px\" src=\"data:image\/svg+xml;base64,PHN2ZyB3aWR0aD0iMSIgaGVpZ2h0PSIxIiB4bWxucz0iaHR0cDovL3d3dy53My5vcmcvMjAwMC9zdmciPjwvc3ZnPg==\" style=\"--smush-placeholder-width: 2048px; --smush-placeholder-aspect-ratio: 2048\/1201;\" \/><\/figure><\/li><\/ul>\n\n\n\n<p>Esta ma\u00f1ana, el secretario del \u00e1rea Ariel \u00c1lvarez, recorri\u00f3 los sitios mencionados junto a integrantes de su equipo, acompa\u00f1ando a quienes trabajan en cada sector.<\/p>\n\n\n\n<figure class=\"wp-block-image\"><img decoding=\"async\" width=\"2040\" height=\"1274\" data-attachment-id=\"59901\" data-permalink=\"https:\/\/eldiariodesanpedro.com.ar\/sitio\/recorrida-en-los-avances-de-obras\/70845024_2454615304633130_5809804812509773824_o\/\" data-orig-file=\"https:\/\/eldiariodesanpedro.com.ar\/sitio\/wp-content\/uploads\/2019\/09\/70845024_2454615304633130_5809804812509773824_o.jpg\" data-orig-size=\"2040,1274\" data-comments-opened=\"1\" data-image-meta=\"{&quot;aperture&quot;:&quot;0&quot;,&quot;credit&quot;:&quot;&quot;,&quot;camera&quot;:&quot;&quot;,&quot;caption&quot;:&quot;&quot;,&quot;created_timestamp&quot;:&quot;0&quot;,&quot;copyright&quot;:&quot;&quot;,&quot;focal_length&quot;:&quot;0&quot;,&quot;iso&quot;:&quot;0&quot;,&quot;shutter_speed&quot;:&quot;0&quot;,&quot;title&quot;:&quot;&quot;,&quot;orientation&quot;:&quot;0&quot;}\" data-image-title=\"70845024_2454615304633130_5809804812509773824_o\" data-image-description=\"\" data-image-caption=\"\" data-large-file=\"https:\/\/eldiariodesanpedro.com.ar\/sitio\/wp-content\/uploads\/2019\/09\/70845024_2454615304633130_5809804812509773824_o-1024x639.jpg\" data-src=\"https:\/\/i2.wp.com\/eldiariodesanpedro.com.ar\/sitio\/wp-content\/uploads\/2019\/09\/70845024_2454615304633130_5809804812509773824_o.jpg?fit=660%2C412\" alt=\"\" class=\"wp-image-59901 lazyload\" data-srcset=\"https:\/\/eldiariodesanpedro.com.ar\/sitio\/wp-content\/uploads\/2019\/09\/70845024_2454615304633130_5809804812509773824_o.jpg 2040w, https:\/\/eldiariodesanpedro.com.ar\/sitio\/wp-content\/uploads\/2019\/09\/70845024_2454615304633130_5809804812509773824_o-300x187.jpg 300w, https:\/\/eldiariodesanpedro.com.ar\/sitio\/wp-content\/uploads\/2019\/09\/70845024_2454615304633130_5809804812509773824_o-768x480.jpg 768w, https:\/\/eldiariodesanpedro.com.ar\/sitio\/wp-content\/uploads\/2019\/09\/70845024_2454615304633130_5809804812509773824_o-1024x639.jpg 1024w\" data-sizes=\"(max-width: 2040px) 100vw, 2040px\" src=\"data:image\/svg+xml;base64,PHN2ZyB3aWR0aD0iMSIgaGVpZ2h0PSIxIiB4bWxucz0iaHR0cDovL3d3dy53My5vcmcvMjAwMC9zdmciPjwvc3ZnPg==\" style=\"--smush-placeholder-width: 2040px; --smush-placeholder-aspect-ratio: 2040\/1274;\" \/><\/figure>\n","protected":false},"excerpt":{"rendered":"<p>Contin\u00faan en marcha los trabajos que personal municipal viene cumpliendo en la ejecuci\u00f3n de proyectos importantes que se espera concluir en breve. Prosigue la construcci\u00f3n del nuevo Centro Educativo Complementario 802 en Villa Depietri, que se destac\u00f3 por ser el primero en contar con una cocina especial para elaborar comida para cel\u00edacos. La obra tal [&hellip;]<\/p>\n","protected":false},"author":4,"featured_media":59911,"comment_status":"open","ping_status":"closed","sticky":false,"template":"","format":"standard","meta":{"om_disable_all_campaigns":false,"_jetpack_memberships_contains_paid_content":false,"footnotes":""},"categories":[101,2],"tags":[],"class_list":["post-59900","post","type-post","status-publish","format-standard","has-post-thumbnail","hentry","category-interes-general-locales","category-locales"],"aioseo_notices":[],"gutentor_comment":0,"jetpack_featured_media_url":"https:\/\/eldiariodesanpedro.com.ar\/sitio\/wp-content\/uploads\/2019\/09\/70845024_2454615304633130_5809804812509773824_o-1.jpg","jetpack_shortlink":"https:\/\/wp.me\/p6RhLt-fA8","jetpack_sharing_enabled":true,"_links":{"self":[{"href":"https:\/\/eldiariodesanpedro.com.ar\/sitio\/wp-json\/wp\/v2\/posts\/59900","targetHints":{"allow":["GET"]}}],"collection":[{"href":"https:\/\/eldiariodesanpedro.com.ar\/sitio\/wp-json\/wp\/v2\/posts"}],"about":[{"href":"https:\/\/eldiariodesanpedro.com.ar\/sitio\/wp-json\/wp\/v2\/types\/post"}],"author":[{"embeddable":true,"href":"https:\/\/eldiariodesanpedro.com.ar\/sitio\/wp-json\/wp\/v2\/users\/4"}],"replies":[{"embeddable":true,"href":"https:\/\/eldiariodesanpedro.com.ar\/sitio\/wp-json\/wp\/v2\/comments?post=59900"}],"version-history":[{"count":2,"href":"https:\/\/eldiariodesanpedro.com.ar\/sitio\/wp-json\/wp\/v2\/posts\/59900\/revisions"}],"predecessor-version":[{"id":59914,"href":"https:\/\/eldiariodesanpedro.com.ar\/sitio\/wp-json\/wp\/v2\/posts\/59900\/revisions\/59914"}],"wp:featuredmedia":[{"embeddable":true,"href":"https:\/\/eldiariodesanpedro.com.ar\/sitio\/wp-json\/wp\/v2\/media\/59911"}],"wp:attachment":[{"href":"https:\/\/eldiariodesanpedro.com.ar\/sitio\/wp-json\/wp\/v2\/media?parent=59900"}],"wp:term":[{"taxonomy":"category","embeddable":true,"href":"https:\/\/eldiariodesanpedro.com.ar\/sitio\/wp-json\/wp\/v2\/categories?post=59900"},{"taxonomy":"post_tag","embeddable":true,"href":"https:\/\/eldiariodesanpedro.com.ar\/sitio\/wp-json\/wp\/v2\/tags?post=59900"}],"curies":[{"name":"wp","href":"https:\/\/api.w.org\/{rel}","templated":true}]}}