{"id":59897,"date":"2019-09-12T18:09:45","date_gmt":"2019-09-12T21:09:45","guid":{"rendered":"https:\/\/eldiariodesanpedro.com.ar\/sitio\/?p=59897"},"modified":"2019-09-12T18:09:49","modified_gmt":"2019-09-12T21:09:49","slug":"baradero-fiscal-granda-esta-comprobado-el-abuso-sexual-con-acceso-carnal-a-la-menor-desde-los-6-anos","status":"publish","type":"post","link":"https:\/\/eldiariodesanpedro.com.ar\/sitio\/baradero-fiscal-granda-esta-comprobado-el-abuso-sexual-con-acceso-carnal-a-la-menor-desde-los-6-anos\/","title":{"rendered":"BARADERO: Fiscal Granda : \u00abEst\u00e1 comprobado el abuso sexual con acceso carnal a la menor desde los 6 a\u00f1os\u00bb"},"content":{"rendered":"<!-- VideographyWP Plugin Message: Automatic video embedding prevented by plugin options. -->\n\n<p>El padre de la nena de 12 a\u00f1os, est\u00e1 detenido y acusado de abuso sexual con acceso carnal agravado por el v\u00ednculo. Seg\u00fan el fiscal con las pruebas que le realizaron los m\u00e9dicos profesionales, \u00abhay much\u00edsimos indicios de que esta situaci\u00f3n ocurri\u00f3 por parte del acusado, que viol\u00f3 a su hija desde los 6 y hasta los 12 a\u00f1os\u00bb, explic\u00f3. <\/p>\n\n\n\n<p>Esta ma\u00f1ana de jueves,  desde FM Encuentro Baradero se comunicaron con el doctor Hern\u00e1n Granda, fiscal que entiende la causa quien dijo: <\/p>\n\n\n\n<p>\u00bbTodo comenz\u00f3 con el compromiso de una vecina que tom\u00f3 conocimiento que una nena estar\u00eda siendo v\u00edctima de abuso por parte de su padre. La nena se lo cont\u00f3 a la mujer y su hija. As\u00ed se dispar\u00f3 el protocolo en este tipo de cuestiones, ver a la familia de la nena, hacerle los ex\u00e1menes correspondientes, etc. La nena no se quer\u00eda dejar revisar y fue trasladada a San Pedro. Se confirm\u00f3 en San Nicol\u00e1s que tiene enfermedades de transmisi\u00f3n sexual como s\u00edfilis y HPV por transmisi\u00f3n sexual. La nena le dijo a los m\u00e9dicos en San Nicol\u00e1s que el autor de los abusos era el padre. Todo esto nos permiti\u00f3 pedir la detenci\u00f3n de esta persona. Hay much\u00edsimos indicios de que esta situaci\u00f3n ocurri\u00f3 por parte del acusado, que viol\u00f3 a su hija desde los 6 y hasta los 12 a\u00f1os. Ella tiene el himen desflorado que no puede tener por su corta edad, porque esto significa que est\u00e1 desgarrada vaginalmente. Todo esto es contundente pero tenemos que sumarle la pericia psicol\u00f3gica y la declaraci\u00f3n de ella en C\u00e1mara Gesell. A la madre se le tom\u00f3 declaraci\u00f3n testimonial y si la nena dice que la madre sab\u00eda, ella quedar\u00e1 imputada como c\u00f3mplice y coautora, pero si la nena dice que su madre no sab\u00eda, quedar\u00e1 fuera de culpa y cargo. Esta ma\u00f1ana, el imputado se neg\u00f3 a declarar y no dijo nada.\u00bb<\/p>\n\n\n\n<p>Fuente: A tiempo<\/p>\n","protected":false},"excerpt":{"rendered":"<p>El padre de la nena de 12 a\u00f1os, est\u00e1 detenido y acusado de abuso sexual con acceso carnal agravado por el v\u00ednculo. Seg\u00fan el fiscal con las pruebas que le realizaron los m\u00e9dicos profesionales, \u00abhay much\u00edsimos indicios de que esta situaci\u00f3n ocurri\u00f3 por parte del acusado, que viol\u00f3 a su hija desde los 6 y [&hellip;]<\/p>\n","protected":false},"author":4,"featured_media":59898,"comment_status":"open","ping_status":"closed","sticky":false,"template":"","format":"standard","meta":{"om_disable_all_campaigns":false,"_jetpack_memberships_contains_paid_content":false,"footnotes":""},"categories":[621],"tags":[],"class_list":["post-59897","post","type-post","status-publish","format-standard","has-post-thumbnail","hentry","category-regionales"],"aioseo_notices":[],"gutentor_comment":0,"jetpack_featured_media_url":"https:\/\/eldiariodesanpedro.com.ar\/sitio\/wp-content\/uploads\/2019\/09\/bd-granda-28.jpg","jetpack_shortlink":"https:\/\/wp.me\/p6RhLt-fA5","jetpack_sharing_enabled":true,"_links":{"self":[{"href":"https:\/\/eldiariodesanpedro.com.ar\/sitio\/wp-json\/wp\/v2\/posts\/59897","targetHints":{"allow":["GET"]}}],"collection":[{"href":"https:\/\/eldiariodesanpedro.com.ar\/sitio\/wp-json\/wp\/v2\/posts"}],"about":[{"href":"https:\/\/eldiariodesanpedro.com.ar\/sitio\/wp-json\/wp\/v2\/types\/post"}],"author":[{"embeddable":true,"href":"https:\/\/eldiariodesanpedro.com.ar\/sitio\/wp-json\/wp\/v2\/users\/4"}],"replies":[{"embeddable":true,"href":"https:\/\/eldiariodesanpedro.com.ar\/sitio\/wp-json\/wp\/v2\/comments?post=59897"}],"version-history":[{"count":1,"href":"https:\/\/eldiariodesanpedro.com.ar\/sitio\/wp-json\/wp\/v2\/posts\/59897\/revisions"}],"predecessor-version":[{"id":59899,"href":"https:\/\/eldiariodesanpedro.com.ar\/sitio\/wp-json\/wp\/v2\/posts\/59897\/revisions\/59899"}],"wp:featuredmedia":[{"embeddable":true,"href":"https:\/\/eldiariodesanpedro.com.ar\/sitio\/wp-json\/wp\/v2\/media\/59898"}],"wp:attachment":[{"href":"https:\/\/eldiariodesanpedro.com.ar\/sitio\/wp-json\/wp\/v2\/media?parent=59897"}],"wp:term":[{"taxonomy":"category","embeddable":true,"href":"https:\/\/eldiariodesanpedro.com.ar\/sitio\/wp-json\/wp\/v2\/categories?post=59897"},{"taxonomy":"post_tag","embeddable":true,"href":"https:\/\/eldiariodesanpedro.com.ar\/sitio\/wp-json\/wp\/v2\/tags?post=59897"}],"curies":[{"name":"wp","href":"https:\/\/api.w.org\/{rel}","templated":true}]}}