{"id":59895,"date":"2019-09-12T17:34:15","date_gmt":"2019-09-12T20:34:15","guid":{"rendered":"https:\/\/eldiariodesanpedro.com.ar\/sitio\/?p=59895"},"modified":"2019-09-12T17:34:20","modified_gmt":"2019-09-12T20:34:20","slug":"claves-para-disenar-e-impulsar-nuevas-oportunidades-para-nuestro-negocio-2","status":"publish","type":"post","link":"https:\/\/eldiariodesanpedro.com.ar\/sitio\/claves-para-disenar-e-impulsar-nuevas-oportunidades-para-nuestro-negocio-2\/","title":{"rendered":"Claves para dise\u00f1ar e impulsar nuevas oportunidades para nuestro negocio"},"content":{"rendered":"<!-- VideographyWP Plugin Message: Automatic video embedding prevented by plugin options. -->\n\n<p>\n\nEn una nueva propuesta abierta a empresarios, comerciantes, prestadores de servicios y emprendedores para aportar experiencias y capacitaci\u00f3n que contribuyan a encontrar mejores condiciones para el sector, el Centro de Comercio Industria y Turismo de San Pedro invita para el pr\u00f3ximo mi\u00e9rcoles 18 de Septiembre a una charla a cargo de la Licenciada Andrea Li\u00f1\u00e1n que presentar\u00e1 el tema \u00abClaves para dise\u00f1ar e impulsar nuevas oportunidades para nuestro negocio\u00bb.<\/p>\n\n\n\n<p>Con una experiencia de casi 20 a\u00f1os en programas de transformaci\u00f3n y liderazgo, cambio cultural, gesti\u00f3n de talento, coaching y procesos de aprendizaje, la Licenciada Li\u00f1\u00e1n plantear\u00e1 ejes tem\u00e1ticos para recorrer con los asistentes, buscando generar mejores condiciones para cada tipo de emprendimiento.<\/p>\n\n\n\n<p>Los puntos elegidos como disparadores son, \u00abde qu\u00e9 hablamos cuando hablamos de cambio\u00bb, \u00abel impacto en el negocio de nuestro liderazgo personal\u00bb, \u00abtransformarnos en protagonistas para crear nuevas circunstancias\u00bb y qu\u00e9 habilidades personales nos demanda un mundo en constante cambio\u00bb.&nbsp;<\/p>\n\n\n\n<p>La invitada es Licenciada en Ciencias de la Educaci\u00f3n con orientaci\u00f3n en tecnolog\u00eda educativa (UBA), coach profesional certificada en la Escuela Argentina de PNL y Coaching, con posgrado en desarrollo en managment de UADE Business School, programas de responsabilidad social corporativa y gesti\u00f3n del cambio.<\/p>\n\n\n\n<p>La actividad es libre y gratuita y los interesados pueden inscribirse por correo electr\u00f3nico a&nbsp;<a href=\"mailto:centrodecomerciosp@arnetbiz.com.ar\" target=\"_blank\" rel=\"noreferrer noopener\">centrodecomerciosp@arnetbiz.com.ar<\/a>&nbsp;o en las oficinas del Centro.\n\n<\/p>\n","protected":false},"excerpt":{"rendered":"<p>En una nueva propuesta abierta a empresarios, comerciantes, prestadores de servicios y emprendedores para aportar experiencias y capacitaci\u00f3n que contribuyan a encontrar mejores condiciones para el sector, el Centro de Comercio Industria y Turismo de San Pedro invita para el pr\u00f3ximo mi\u00e9rcoles 18 de Septiembre a una charla a cargo de la Licenciada Andrea Li\u00f1\u00e1n [&hellip;]<\/p>\n","protected":false},"author":4,"featured_media":57515,"comment_status":"open","ping_status":"closed","sticky":false,"template":"","format":"standard","meta":{"om_disable_all_campaigns":false,"_jetpack_memberships_contains_paid_content":false,"footnotes":""},"categories":[101,2],"tags":[],"class_list":["post-59895","post","type-post","status-publish","format-standard","has-post-thumbnail","hentry","category-interes-general-locales","category-locales"],"aioseo_notices":[],"gutentor_comment":0,"jetpack_featured_media_url":"https:\/\/eldiariodesanpedro.com.ar\/sitio\/wp-content\/uploads\/2019\/08\/centro-de-comercio-e-industria_3.jpg","jetpack_shortlink":"https:\/\/wp.me\/p6RhLt-fA3","jetpack_sharing_enabled":true,"_links":{"self":[{"href":"https:\/\/eldiariodesanpedro.com.ar\/sitio\/wp-json\/wp\/v2\/posts\/59895","targetHints":{"allow":["GET"]}}],"collection":[{"href":"https:\/\/eldiariodesanpedro.com.ar\/sitio\/wp-json\/wp\/v2\/posts"}],"about":[{"href":"https:\/\/eldiariodesanpedro.com.ar\/sitio\/wp-json\/wp\/v2\/types\/post"}],"author":[{"embeddable":true,"href":"https:\/\/eldiariodesanpedro.com.ar\/sitio\/wp-json\/wp\/v2\/users\/4"}],"replies":[{"embeddable":true,"href":"https:\/\/eldiariodesanpedro.com.ar\/sitio\/wp-json\/wp\/v2\/comments?post=59895"}],"version-history":[{"count":1,"href":"https:\/\/eldiariodesanpedro.com.ar\/sitio\/wp-json\/wp\/v2\/posts\/59895\/revisions"}],"predecessor-version":[{"id":59896,"href":"https:\/\/eldiariodesanpedro.com.ar\/sitio\/wp-json\/wp\/v2\/posts\/59895\/revisions\/59896"}],"wp:featuredmedia":[{"embeddable":true,"href":"https:\/\/eldiariodesanpedro.com.ar\/sitio\/wp-json\/wp\/v2\/media\/57515"}],"wp:attachment":[{"href":"https:\/\/eldiariodesanpedro.com.ar\/sitio\/wp-json\/wp\/v2\/media?parent=59895"}],"wp:term":[{"taxonomy":"category","embeddable":true,"href":"https:\/\/eldiariodesanpedro.com.ar\/sitio\/wp-json\/wp\/v2\/categories?post=59895"},{"taxonomy":"post_tag","embeddable":true,"href":"https:\/\/eldiariodesanpedro.com.ar\/sitio\/wp-json\/wp\/v2\/tags?post=59895"}],"curies":[{"name":"wp","href":"https:\/\/api.w.org\/{rel}","templated":true}]}}