{"id":59892,"date":"2019-09-12T10:40:28","date_gmt":"2019-09-12T13:40:28","guid":{"rendered":"https:\/\/eldiariodesanpedro.com.ar\/sitio\/?p=59892"},"modified":"2019-09-12T10:40:33","modified_gmt":"2019-09-12T13:40:33","slug":"ramallo-sindicatos-expresaron-su-preocupacion-por-la-situacion-laboral","status":"publish","type":"post","link":"https:\/\/eldiariodesanpedro.com.ar\/sitio\/ramallo-sindicatos-expresaron-su-preocupacion-por-la-situacion-laboral\/","title":{"rendered":"RAMALLO | Sindicatos expresaron su preocupaci\u00f3n por la situacion laboral"},"content":{"rendered":"<!-- VideographyWP Plugin Message: Automatic video embedding prevented by plugin options. -->\n\n<p>La Mesa Sindical Ramallo expres\u00f3 su preocupaci\u00f3n la inestabilidad econ\u00f3mica que atraviesa el pa\u00eds, e impacta de lleno en las condiciones de vida del trabajador. Lo hizo a trav\u00e9s de un documento, firmado por todos los sindicatos que tienen representaci\u00f3n en el partido de Ramallo. \u201cEl partido de Ramallo no es ajeno a estas pol\u00edticas de hambre y exclusi\u00f3n generando sufrimiento, y vulneraci\u00f3n de derechos consagrados en nuestra Constituci\u00f3n Nacional, tales como: acceso a la educaci\u00f3n, a la salud, al trabajo, a la alimentaci\u00f3n, a la vivienda\u201d, sostuvieron desde la Mesa Sindical, entidad que nuclea a la mayor\u00eda de los sindicatos que est\u00e1n representados en Ramallo.<\/p>\n\n\n\n<p>En el texto manifestaron su preocupaci\u00f3n por los despidos y suspensiones en diferentes empresas del distrito. \u201cNos solidarizamos con los trabajadores suspendidos de Siderar, Fiplasto y Frigor\u00edfico Mark, que son v\u00edctimas de suspensiones por parte de la empresa, percibiendo el 75% del salario, medida que genera un manto de incertidumbre, afectando no solo a las econom\u00eda familiares de los trabajadores involucrados, sino a todo el sector comercial ramallense\u201d, remarcaron.<\/p>\n\n\n\n<p>Adem\u00e1s mostraron su preocupaci\u00f3n por los despidos en la planta de biodiesel Bio Ramallo, donde fueron despedidos m\u00e1s de 30 trabajadores que llevan acampando 80 d\u00edas en la puerta de la empresa del Parque Industrial Comirsa. \u201cLa p\u00e9rdida de los puestos de trabajo, el deterioro de la calidad de los mismos, la ausencia o precariedad de los acuerdos paritarios, sumado al aumento del costo de vida y la p\u00e9rdida del poder adquisitivo de los salarios, genera un colapso en el sistema p\u00fablico de salud que no recibe los recursos provinciales para hacer frente a la demanda social\u201d, declararon en el comunicado. Y finaliza: \u201cesto tambi\u00e9n vulnera el derecho a la alimentaci\u00f3n por lo que es como Mesa Sindical exigimos se declare la \u201cEmergencia Alimentaria\u201d.<\/p>\n\n\n\n<p>Todo lo expresado anteriormente nos interpela en tiempos de avasallamiento sobre los derechos conquistados, nos fortalecemos con la UNION en el reclamo, porque entendemos que el costo de una pol\u00edtica econ\u00f3mica establecida por el FMI, lleva al conjunto de los trabajadores a pagar los costos de los beneficios de los sectores emparentados con el gobierno nacional y provincial\u201d.<\/p>\n\n\n\n<p>La Mesa Sindical de Ramallo est\u00e1 integrada por representantes de gremios como ATE, CICOP, Sindicato de Trabajadores Municipales, Judiciales, UOM, Aceiteros, UDOCBA, SUTEBA, Luz y Fuerza, UPCN, Sindicato de la Carne, SUPRA, Sindicato de Fiplasto y Juegos de Azar, entre otros. D\u00edas atr\u00e1s asistieron a una reuni\u00f3n convocada por el intendente Poletti, donde expusieron las dificultades que atraviesa cada sector. De ese encuentro, surgi\u00f3 la idea de elaborar un documento donde se resalta la solidaridad con aquellos trabajadores que est\u00e1n padeciendo las pol\u00edticas neoliberales y la cr\u00edtica a los gobiernos nacional y provincial.<\/p>\n","protected":false},"excerpt":{"rendered":"<p>La Mesa Sindical Ramallo expres\u00f3 su preocupaci\u00f3n la inestabilidad econ\u00f3mica que atraviesa el pa\u00eds, e impacta de lleno en las condiciones de vida del trabajador. Lo hizo a trav\u00e9s de un documento, firmado por todos los sindicatos que tienen representaci\u00f3n en el partido de Ramallo. \u201cEl partido de Ramallo no es ajeno a estas pol\u00edticas [&hellip;]<\/p>\n","protected":false},"author":4,"featured_media":59893,"comment_status":"open","ping_status":"closed","sticky":false,"template":"","format":"standard","meta":{"om_disable_all_campaigns":false,"_jetpack_memberships_contains_paid_content":false,"footnotes":""},"categories":[621],"tags":[],"class_list":["post-59892","post","type-post","status-publish","format-standard","has-post-thumbnail","hentry","category-regionales"],"aioseo_notices":[],"gutentor_comment":0,"jetpack_featured_media_url":"https:\/\/eldiariodesanpedro.com.ar\/sitio\/wp-content\/uploads\/2019\/09\/0-5.jpg","jetpack_shortlink":"https:\/\/wp.me\/p6RhLt-fA0","jetpack_sharing_enabled":true,"_links":{"self":[{"href":"https:\/\/eldiariodesanpedro.com.ar\/sitio\/wp-json\/wp\/v2\/posts\/59892","targetHints":{"allow":["GET"]}}],"collection":[{"href":"https:\/\/eldiariodesanpedro.com.ar\/sitio\/wp-json\/wp\/v2\/posts"}],"about":[{"href":"https:\/\/eldiariodesanpedro.com.ar\/sitio\/wp-json\/wp\/v2\/types\/post"}],"author":[{"embeddable":true,"href":"https:\/\/eldiariodesanpedro.com.ar\/sitio\/wp-json\/wp\/v2\/users\/4"}],"replies":[{"embeddable":true,"href":"https:\/\/eldiariodesanpedro.com.ar\/sitio\/wp-json\/wp\/v2\/comments?post=59892"}],"version-history":[{"count":1,"href":"https:\/\/eldiariodesanpedro.com.ar\/sitio\/wp-json\/wp\/v2\/posts\/59892\/revisions"}],"predecessor-version":[{"id":59894,"href":"https:\/\/eldiariodesanpedro.com.ar\/sitio\/wp-json\/wp\/v2\/posts\/59892\/revisions\/59894"}],"wp:featuredmedia":[{"embeddable":true,"href":"https:\/\/eldiariodesanpedro.com.ar\/sitio\/wp-json\/wp\/v2\/media\/59893"}],"wp:attachment":[{"href":"https:\/\/eldiariodesanpedro.com.ar\/sitio\/wp-json\/wp\/v2\/media?parent=59892"}],"wp:term":[{"taxonomy":"category","embeddable":true,"href":"https:\/\/eldiariodesanpedro.com.ar\/sitio\/wp-json\/wp\/v2\/categories?post=59892"},{"taxonomy":"post_tag","embeddable":true,"href":"https:\/\/eldiariodesanpedro.com.ar\/sitio\/wp-json\/wp\/v2\/tags?post=59892"}],"curies":[{"name":"wp","href":"https:\/\/api.w.org\/{rel}","templated":true}]}}