{"id":5989,"date":"2016-07-13T20:37:13","date_gmt":"2016-07-13T23:37:13","guid":{"rendered":"https:\/\/eldiariodesanpedro.com.ar\/sitio\/?p=5989"},"modified":"2016-07-13T20:37:13","modified_gmt":"2016-07-13T23:37:13","slug":"monfasani-los-islenos-damnificados-por-las-inundaciones-perdieron-todo-y-no-entienden-de-tiempos","status":"publish","type":"post","link":"https:\/\/eldiariodesanpedro.com.ar\/sitio\/monfasani-los-islenos-damnificados-por-las-inundaciones-perdieron-todo-y-no-entienden-de-tiempos\/","title":{"rendered":"Monfasani: \u00abLos isle\u00f1os damnificados por las inundaciones perdieron todo y no entienden de tiempos\u00bb"},"content":{"rendered":"<p><!-- VideographyWP Plugin Message: Automatic video embedding prevented by plugin options. --><br \/>\nEl diputado provincial por el Frente Renovador, Daniel Monfasani, promueve a trav\u00e9s de un proyecto de ley la creaci\u00f3n de un \u201cFondo de Emergencia\u201d para los inundados del Delta del Paran\u00e1 y pide que sea declarado el \u201cestado de emergencia habitacional, econ\u00f3mica, sanitaria y ambiental\u201d en las zonas de influencia de la regi\u00f3n afectadas por fen\u00f3menos climatol\u00f3gicos.<br \/>\n\u201cSi bien es cierto que la realidad refleja que el clima y los fen\u00f3menos meteorol\u00f3gicos se presentan con mayor frecuencia y dimensi\u00f3n, afectando gravemente a la extendida geograf\u00eda de nuestra Provincia, tambi\u00e9n es una realidad que el Estado provincial se revela impotente y hasta incapaz de prevenir y salvaguardar a la ciudadan\u00eda de los da\u00f1os como consecuencia de tales fen\u00f3menos, o mitigar los mismos\u201d, dijo el legislador oriundo de San Pedro.<br \/>\nRecientemente, tales fen\u00f3menos meteorol\u00f3gicos se presentaron con gran dimensi\u00f3n y en forma imprevisible, afectando gravemente a la extendida geograf\u00eda de la zona del Delta del Paran\u00e1, comprendiendo los partidos de San Nicol\u00e1s de los Arroyos, Ramallo, San Pedro, Baradero, Zarate, Campana, Escobar, Tigre y San Fernando.<br \/>\nSin m\u00e1s, y ante las situaciones de cat\u00e1strofe descritas, se torna prioritario asegurar medidas de acci\u00f3n legislativa, un mecanismo \u00e1gil y efectivo tendiente a paliar las deficiencias habitacionales.<br \/>\nPor ello, en virtud de las necesidades planteadas, Monfasani promueve la creaci\u00f3n de un fondo, a trav\u00e9s de la entrega de subsidios cuyo destino ser\u00e1 el de \u201creparar los da\u00f1os ocasionados por los fen\u00f3menos meteorol\u00f3gicos extraordinarios que provocaron inundaciones y anegamientos [&#8230;], adem\u00e1s de roturas en sus inmuebles, los cuales deber\u00e1n estar debidamente registrados\u201d.<br \/>\nUna vez constatado los da\u00f1os y la causalidad de los mismos, vinculada al fen\u00f3meno meteorol\u00f3gico extraordinario acaecido, conforme al procedimiento que por v\u00eda reglamentaria se determine, la autoridad de aplicaci\u00f3n de la presente ley emitir\u00e1 su dictamen t\u00e9cnico y determinar\u00e1 el subsidio a otorgar, el cual no podr\u00e1 exceder la suma de 80 mil pesos.<br \/>\nEn lo que respecta a la constituci\u00f3n del Fondo, se autoriza al Poder Ejecutivo a realizar para tales fines las adecuaciones necesarias en el Presupuesto General de Gastos y C\u00e1lculo de Recursos, y como medida complementaria, se faculta al Ejecutivo provincial para instrumentar el otorgamiento de cr\u00e9ditos a tasa de inter\u00e9s subsidiada a trav\u00e9s del Banco de la Provincia de Buenos Aires.<br \/>\nA efectos de concretar el otorgamiento de los beneficios hasta aqu\u00ed expuestos, previo se torna necesario relevar a los habitantes afectados por los fen\u00f3menos meteorol\u00f3gicos y\/o peque\u00f1os productores, a fin de considerarlos en las diferentes asistencias que puedan recibir. Para ello, el ejecutivo Provincial a trav\u00e9s de la autoridad de aplicaci\u00f3n tendr\u00e1 a cargo la coordinaci\u00f3n con los Municipios afectados para as\u00ed poder organizar un Registro de Damnificados.<br \/>\n\u201cEntendemos que la soluci\u00f3n frente a este tipo de fen\u00f3menos meteorol\u00f3gicos amerita la adopci\u00f3n de medidas paliativas en el marco de un Plan de Contingencia para el Delta, provenientes del actuar coordinado y consensuado de \u00e1reas competentes del Poder Ejecutivo en sus niveles municipal y provincial, Poder Legislativo, y de las organizaciones intermedias de la sociedad civil\u201d, dijo el diputado.<br \/>\n\u201cA partir de esto, avalamos la creaci\u00f3n de una comisi\u00f3n denominada del \u2018Delta del Paran\u00e1\u2019 que promueva la evaluaci\u00f3n de la problem\u00e1tica ambiental y social de los habitantes de dicha zona, a fin de poder brindar soluci\u00f3n de los problemas que concurren en las \u00e1reas de afectaci\u00f3n\u201d, concluy\u00f3.<\/p>\n","protected":false},"excerpt":{"rendered":"<p>El diputado provincial por el Frente Renovador, Daniel Monfasani, promueve a trav\u00e9s de un proyecto de ley la creaci\u00f3n de un \u201cFondo de Emergencia\u201d para los inundados del Delta del Paran\u00e1 y pide que sea declarado el \u201cestado de emergencia habitacional, econ\u00f3mica, sanitaria y ambiental\u201d en las zonas de influencia de la regi\u00f3n afectadas por [&hellip;]<\/p>\n","protected":false},"author":4,"featured_media":5990,"comment_status":"open","ping_status":"closed","sticky":false,"template":"","format":"standard","meta":{"om_disable_all_campaigns":false,"_jetpack_memberships_contains_paid_content":false,"footnotes":""},"categories":[50,2,102],"tags":[],"class_list":["post-5989","post","type-post","status-publish","format-standard","has-post-thumbnail","hentry","category-destacadas","category-locales","category-politica-locales"],"aioseo_notices":[],"gutentor_comment":0,"jetpack_featured_media_url":"https:\/\/eldiariodesanpedro.com.ar\/sitio\/wp-content\/uploads\/2016\/07\/PAGINA-4-6.jpg","jetpack_shortlink":"https:\/\/wp.me\/p6RhLt-1yB","jetpack_sharing_enabled":true,"_links":{"self":[{"href":"https:\/\/eldiariodesanpedro.com.ar\/sitio\/wp-json\/wp\/v2\/posts\/5989","targetHints":{"allow":["GET"]}}],"collection":[{"href":"https:\/\/eldiariodesanpedro.com.ar\/sitio\/wp-json\/wp\/v2\/posts"}],"about":[{"href":"https:\/\/eldiariodesanpedro.com.ar\/sitio\/wp-json\/wp\/v2\/types\/post"}],"author":[{"embeddable":true,"href":"https:\/\/eldiariodesanpedro.com.ar\/sitio\/wp-json\/wp\/v2\/users\/4"}],"replies":[{"embeddable":true,"href":"https:\/\/eldiariodesanpedro.com.ar\/sitio\/wp-json\/wp\/v2\/comments?post=5989"}],"version-history":[{"count":1,"href":"https:\/\/eldiariodesanpedro.com.ar\/sitio\/wp-json\/wp\/v2\/posts\/5989\/revisions"}],"predecessor-version":[{"id":5991,"href":"https:\/\/eldiariodesanpedro.com.ar\/sitio\/wp-json\/wp\/v2\/posts\/5989\/revisions\/5991"}],"wp:featuredmedia":[{"embeddable":true,"href":"https:\/\/eldiariodesanpedro.com.ar\/sitio\/wp-json\/wp\/v2\/media\/5990"}],"wp:attachment":[{"href":"https:\/\/eldiariodesanpedro.com.ar\/sitio\/wp-json\/wp\/v2\/media?parent=5989"}],"wp:term":[{"taxonomy":"category","embeddable":true,"href":"https:\/\/eldiariodesanpedro.com.ar\/sitio\/wp-json\/wp\/v2\/categories?post=5989"},{"taxonomy":"post_tag","embeddable":true,"href":"https:\/\/eldiariodesanpedro.com.ar\/sitio\/wp-json\/wp\/v2\/tags?post=5989"}],"curies":[{"name":"wp","href":"https:\/\/api.w.org\/{rel}","templated":true}]}}