{"id":59889,"date":"2019-09-12T10:34:09","date_gmt":"2019-09-12T13:34:09","guid":{"rendered":"https:\/\/eldiariodesanpedro.com.ar\/sitio\/?p=59889"},"modified":"2019-09-12T10:34:13","modified_gmt":"2019-09-12T13:34:13","slug":"ramallo-la-oposicion-quiere-saber-detalles-de-la-instalacion-del-equipo-de-rayos-x-en-perez-millan","status":"publish","type":"post","link":"https:\/\/eldiariodesanpedro.com.ar\/sitio\/ramallo-la-oposicion-quiere-saber-detalles-de-la-instalacion-del-equipo-de-rayos-x-en-perez-millan\/","title":{"rendered":"RAMALLO | La oposici\u00f3n quiere saber detalles de la instalaci\u00f3n del equipo de rayos X en P\u00e9rez Mill\u00e1n"},"content":{"rendered":"<!-- VideographyWP Plugin Message: Automatic video embedding prevented by plugin options. -->\n\n<p>En la \u00faltima sesi\u00f3n del Concejo Deliberante, desde el bloque Cambiemos presentaron un proyecto donde le pide al ejecutivo informaci\u00f3n sobre la instalaci\u00f3n de un equipo de Rayos X en la Unidad Sanitaria de P\u00e9rez Mill\u00e1n.<\/p>\n\n\n\n<p>El intendente Mauro Poletti hab\u00eda anunciado en conferencia de prensa, en el mes de agosto,  que el Sindicato de Fiplasto entregaba al municipio un equipo de Rayos X, y este iba a ser instalado en la localidad de P\u00e9rez Mill\u00e1n.<\/p>\n\n\n\n<p>Desde la oposici\u00f3n sostienen que se trata de \u201cuna promesa de campa\u00f1a, que el gobierno incumpli\u00f3\u201d. El anuncio se realiz\u00f3 d\u00edas antes de las PASO.<\/p>\n\n\n\n<p>Fuente: Ramallo Ciudad<\/p>\n","protected":false},"excerpt":{"rendered":"<p>En la \u00faltima sesi\u00f3n del Concejo Deliberante, desde el bloque Cambiemos presentaron un proyecto donde le pide al ejecutivo informaci\u00f3n sobre la instalaci\u00f3n de un equipo de Rayos X en la Unidad Sanitaria de P\u00e9rez Mill\u00e1n. El intendente Mauro Poletti hab\u00eda anunciado en conferencia de prensa, en el mes de agosto, que el Sindicato de [&hellip;]<\/p>\n","protected":false},"author":4,"featured_media":59890,"comment_status":"open","ping_status":"closed","sticky":false,"template":"","format":"standard","meta":{"om_disable_all_campaigns":false,"_jetpack_memberships_contains_paid_content":false,"footnotes":""},"categories":[621],"tags":[],"class_list":["post-59889","post","type-post","status-publish","format-standard","has-post-thumbnail","hentry","category-regionales"],"aioseo_notices":[],"gutentor_comment":0,"jetpack_featured_media_url":"https:\/\/eldiariodesanpedro.com.ar\/sitio\/wp-content\/uploads\/2019\/09\/bbx_149986986_1_salita_perez_millan.jpg","jetpack_shortlink":"https:\/\/wp.me\/p6RhLt-fzX","jetpack_sharing_enabled":true,"_links":{"self":[{"href":"https:\/\/eldiariodesanpedro.com.ar\/sitio\/wp-json\/wp\/v2\/posts\/59889","targetHints":{"allow":["GET"]}}],"collection":[{"href":"https:\/\/eldiariodesanpedro.com.ar\/sitio\/wp-json\/wp\/v2\/posts"}],"about":[{"href":"https:\/\/eldiariodesanpedro.com.ar\/sitio\/wp-json\/wp\/v2\/types\/post"}],"author":[{"embeddable":true,"href":"https:\/\/eldiariodesanpedro.com.ar\/sitio\/wp-json\/wp\/v2\/users\/4"}],"replies":[{"embeddable":true,"href":"https:\/\/eldiariodesanpedro.com.ar\/sitio\/wp-json\/wp\/v2\/comments?post=59889"}],"version-history":[{"count":1,"href":"https:\/\/eldiariodesanpedro.com.ar\/sitio\/wp-json\/wp\/v2\/posts\/59889\/revisions"}],"predecessor-version":[{"id":59891,"href":"https:\/\/eldiariodesanpedro.com.ar\/sitio\/wp-json\/wp\/v2\/posts\/59889\/revisions\/59891"}],"wp:featuredmedia":[{"embeddable":true,"href":"https:\/\/eldiariodesanpedro.com.ar\/sitio\/wp-json\/wp\/v2\/media\/59890"}],"wp:attachment":[{"href":"https:\/\/eldiariodesanpedro.com.ar\/sitio\/wp-json\/wp\/v2\/media?parent=59889"}],"wp:term":[{"taxonomy":"category","embeddable":true,"href":"https:\/\/eldiariodesanpedro.com.ar\/sitio\/wp-json\/wp\/v2\/categories?post=59889"},{"taxonomy":"post_tag","embeddable":true,"href":"https:\/\/eldiariodesanpedro.com.ar\/sitio\/wp-json\/wp\/v2\/tags?post=59889"}],"curies":[{"name":"wp","href":"https:\/\/api.w.org\/{rel}","templated":true}]}}