{"id":59886,"date":"2019-09-12T10:32:01","date_gmt":"2019-09-12T13:32:01","guid":{"rendered":"https:\/\/eldiariodesanpedro.com.ar\/sitio\/?p=59886"},"modified":"2019-09-12T10:32:06","modified_gmt":"2019-09-12T13:32:06","slug":"rojas-fallo-judicial-indica-que-el-agua-de-red-esta-ciudad-no-es-potable-por-su-nivel-de-arsenico","status":"publish","type":"post","link":"https:\/\/eldiariodesanpedro.com.ar\/sitio\/rojas-fallo-judicial-indica-que-el-agua-de-red-esta-ciudad-no-es-potable-por-su-nivel-de-arsenico\/","title":{"rendered":"ROJAS | Fallo judicial indica que el agua de red esta ciudad no es potable por su nivel de ars\u00e9nico"},"content":{"rendered":"<!-- VideographyWP Plugin Message: Automatic video embedding prevented by plugin options. -->\n\n<p>La demanda fue presentada por el abogado ambientalista rojense Juan Ignacio Pereyra Queles en el a\u00f1o 2012 (\u00abPEREYRA QUELES JUAN IGNACIO C\/MUNICIPALIDAD DE ROJAS S\/ AMPARO\u00bb) y hace casi un a\u00f1o el juez en lo Contencioso Administrativo N\u00ba 1 Juan Atilio Bazzani, del Departamento Judicial de Jun\u00edn, orden\u00f3 a la municipalidad de Rojas que en 90 d\u00edas presente un proyecto para equilibrar la presencia de ars\u00e9nico en el agua que distribuye en la red domiciliaria, a lo permitido por el C\u00f3digo Alimentario Nacional, en este caso 0,01 miligramos por litro.<\/p>\n\n\n\n<p>El Municipio apel\u00f3 y ahora la justicia resolvi\u00f3 declarar desierta la presentaci\u00f3n de ese recurso por falencias en los fundamentos expuestos por los abogados municipales.<\/p>\n\n\n\n<p>\u201cImpone a la Comuna demandada la obligaci\u00f3n de presentar un plan de acci\u00f3n y adecuaci\u00f3n, con la gu\u00eda, control y asesoramiento de la Autoridad del Agua, lo que no hace sino refrendar los criterios que -en materia ambiental- se vienen desarrollando a nivel doctrinario y jurisprudencial, en procura de proteger el derecho a la salud de los habitantes del Municipio.\u201d<\/p>\n\n\n\n<p>Esta podr\u00eda resultar la definici\u00f3n m\u00e1s sustancial de la sentencia de primera instancia que la C\u00e1mara de Apelaci\u00f3n en lo Contencioso Administrativo con asiento en San Nicol\u00e1s, integrada por los doctores Marcelo Jos\u00e9 Schreginger, Cristina Yolanda Valdez y Dami\u00e1n Nicol\u00e1s Cebey, ratific\u00f3, al declarar desierto el recurso de apelaci\u00f3n presentado por el Municipio por considerar que los abogados del Municipio no fundaron debidamente la postura.<\/p>\n\n\n\n<p><strong>Fuente:<\/strong> Ramallo Ciudad<\/p>\n","protected":false},"excerpt":{"rendered":"<p>La demanda fue presentada por el abogado ambientalista rojense Juan Ignacio Pereyra Queles en el a\u00f1o 2012 (\u00abPEREYRA QUELES JUAN IGNACIO C\/MUNICIPALIDAD DE ROJAS S\/ AMPARO\u00bb) y hace casi un a\u00f1o el juez en lo Contencioso Administrativo N\u00ba 1 Juan Atilio Bazzani, del Departamento Judicial de Jun\u00edn, orden\u00f3 a la municipalidad de Rojas que en [&hellip;]<\/p>\n","protected":false},"author":4,"featured_media":59887,"comment_status":"open","ping_status":"closed","sticky":false,"template":"","format":"standard","meta":{"om_disable_all_campaigns":false,"_jetpack_memberships_contains_paid_content":false,"footnotes":""},"categories":[621],"tags":[],"class_list":["post-59886","post","type-post","status-publish","format-standard","has-post-thumbnail","hentry","category-regionales"],"aioseo_notices":[],"gutentor_comment":0,"jetpack_featured_media_url":"https:\/\/eldiariodesanpedro.com.ar\/sitio\/wp-content\/uploads\/2019\/09\/bbx_149987877_1_agua.jpg","jetpack_shortlink":"https:\/\/wp.me\/p6RhLt-fzU","jetpack_sharing_enabled":true,"_links":{"self":[{"href":"https:\/\/eldiariodesanpedro.com.ar\/sitio\/wp-json\/wp\/v2\/posts\/59886","targetHints":{"allow":["GET"]}}],"collection":[{"href":"https:\/\/eldiariodesanpedro.com.ar\/sitio\/wp-json\/wp\/v2\/posts"}],"about":[{"href":"https:\/\/eldiariodesanpedro.com.ar\/sitio\/wp-json\/wp\/v2\/types\/post"}],"author":[{"embeddable":true,"href":"https:\/\/eldiariodesanpedro.com.ar\/sitio\/wp-json\/wp\/v2\/users\/4"}],"replies":[{"embeddable":true,"href":"https:\/\/eldiariodesanpedro.com.ar\/sitio\/wp-json\/wp\/v2\/comments?post=59886"}],"version-history":[{"count":1,"href":"https:\/\/eldiariodesanpedro.com.ar\/sitio\/wp-json\/wp\/v2\/posts\/59886\/revisions"}],"predecessor-version":[{"id":59888,"href":"https:\/\/eldiariodesanpedro.com.ar\/sitio\/wp-json\/wp\/v2\/posts\/59886\/revisions\/59888"}],"wp:featuredmedia":[{"embeddable":true,"href":"https:\/\/eldiariodesanpedro.com.ar\/sitio\/wp-json\/wp\/v2\/media\/59887"}],"wp:attachment":[{"href":"https:\/\/eldiariodesanpedro.com.ar\/sitio\/wp-json\/wp\/v2\/media?parent=59886"}],"wp:term":[{"taxonomy":"category","embeddable":true,"href":"https:\/\/eldiariodesanpedro.com.ar\/sitio\/wp-json\/wp\/v2\/categories?post=59886"},{"taxonomy":"post_tag","embeddable":true,"href":"https:\/\/eldiariodesanpedro.com.ar\/sitio\/wp-json\/wp\/v2\/tags?post=59886"}],"curies":[{"name":"wp","href":"https:\/\/api.w.org\/{rel}","templated":true}]}}