{"id":59883,"date":"2019-09-12T10:27:03","date_gmt":"2019-09-12T13:27:03","guid":{"rendered":"https:\/\/eldiariodesanpedro.com.ar\/sitio\/?p=59883"},"modified":"2019-09-12T10:27:08","modified_gmt":"2019-09-12T13:27:08","slug":"baradero-piden-cadena-de-oracion-por-emili-kenle","status":"publish","type":"post","link":"https:\/\/eldiariodesanpedro.com.ar\/sitio\/baradero-piden-cadena-de-oracion-por-emili-kenle\/","title":{"rendered":"BARADERO | Piden cadena de oraci\u00f3n por Emili Kenle"},"content":{"rendered":"<!-- VideographyWP Plugin Message: Automatic video embedding prevented by plugin options. -->\n\n<p>A trav\u00e9s de distintas publicaciones de familaires y allegados, se solicita&nbsp;cadena de oraci\u00f3n por Emili Kenle, una beba de 3 meses de edad, que se encuentra en terapia intensiva en el Htal. Garrahan en estado critico. La familia est\u00e1 minuto a minuto sigui\u00e9ndo la evoluci\u00f3n de su salud.<\/p>\n\n\n\n<p>La t\u00eda, Fernanda Santa Cruz, expres\u00f3:\u00a0<em>\u201cEntre todos podemos rezar por ella y encomendarla a Dios para que salga adelante. Se los agradecer\u00edamos de todo coraz\u00f3n\u201d<\/em><\/p>\n\n\n\n<p><strong>Fuente:<\/strong> Baradero Hoy<\/p>\n","protected":false},"excerpt":{"rendered":"<p>A trav\u00e9s de distintas publicaciones de familaires y allegados, se solicita&nbsp;cadena de oraci\u00f3n por Emili Kenle, una beba de 3 meses de edad, que se encuentra en terapia intensiva en el Htal. Garrahan en estado critico. La familia est\u00e1 minuto a minuto sigui\u00e9ndo la evoluci\u00f3n de su salud. La t\u00eda, Fernanda Santa Cruz, expres\u00f3:\u00a0\u201cEntre todos [&hellip;]<\/p>\n","protected":false},"author":4,"featured_media":59884,"comment_status":"open","ping_status":"closed","sticky":false,"template":"","format":"standard","meta":{"om_disable_all_campaigns":false,"_jetpack_memberships_contains_paid_content":false,"footnotes":""},"categories":[621],"tags":[],"class_list":["post-59883","post","type-post","status-publish","format-standard","has-post-thumbnail","hentry","category-regionales"],"aioseo_notices":[],"gutentor_comment":0,"jetpack_featured_media_url":"https:\/\/eldiariodesanpedro.com.ar\/sitio\/wp-content\/uploads\/2019\/09\/70410098_947917712242454_4650712801403207680_n.jpg","jetpack_shortlink":"https:\/\/wp.me\/p6RhLt-fzR","jetpack_sharing_enabled":true,"_links":{"self":[{"href":"https:\/\/eldiariodesanpedro.com.ar\/sitio\/wp-json\/wp\/v2\/posts\/59883","targetHints":{"allow":["GET"]}}],"collection":[{"href":"https:\/\/eldiariodesanpedro.com.ar\/sitio\/wp-json\/wp\/v2\/posts"}],"about":[{"href":"https:\/\/eldiariodesanpedro.com.ar\/sitio\/wp-json\/wp\/v2\/types\/post"}],"author":[{"embeddable":true,"href":"https:\/\/eldiariodesanpedro.com.ar\/sitio\/wp-json\/wp\/v2\/users\/4"}],"replies":[{"embeddable":true,"href":"https:\/\/eldiariodesanpedro.com.ar\/sitio\/wp-json\/wp\/v2\/comments?post=59883"}],"version-history":[{"count":1,"href":"https:\/\/eldiariodesanpedro.com.ar\/sitio\/wp-json\/wp\/v2\/posts\/59883\/revisions"}],"predecessor-version":[{"id":59885,"href":"https:\/\/eldiariodesanpedro.com.ar\/sitio\/wp-json\/wp\/v2\/posts\/59883\/revisions\/59885"}],"wp:featuredmedia":[{"embeddable":true,"href":"https:\/\/eldiariodesanpedro.com.ar\/sitio\/wp-json\/wp\/v2\/media\/59884"}],"wp:attachment":[{"href":"https:\/\/eldiariodesanpedro.com.ar\/sitio\/wp-json\/wp\/v2\/media?parent=59883"}],"wp:term":[{"taxonomy":"category","embeddable":true,"href":"https:\/\/eldiariodesanpedro.com.ar\/sitio\/wp-json\/wp\/v2\/categories?post=59883"},{"taxonomy":"post_tag","embeddable":true,"href":"https:\/\/eldiariodesanpedro.com.ar\/sitio\/wp-json\/wp\/v2\/tags?post=59883"}],"curies":[{"name":"wp","href":"https:\/\/api.w.org\/{rel}","templated":true}]}}